{"id":7897,"date":"2019-05-06T20:27:55","date_gmt":"2019-05-06T18:27:55","guid":{"rendered":"http:\/\/lo6.szczecin.pl\/?p=7897"},"modified":"2019-05-07T07:36:36","modified_gmt":"2019-05-07T05:36:36","slug":"matura-2019-jez-polski","status":"publish","type":"post","link":"https:\/\/lo6.szczecin.pl\/index.php\/2019\/05\/06\/matura-2019-jez-polski\/","title":{"rendered":"Matura 2019 J\u0119z. polski"},"content":{"rendered":"<p>Pierwszy dzie\u0144 pisemnych egzamin\u00f3w maturalnych za nami.<\/p>\n<div id=\"icselection13\">\n<p>J\u0119zyk polski na poziomie podstawowym &#8211; to z tym przedmiotem zmagali si\u0119 6 maja 2019 r. tegoroczni abiturienci.<\/p>\n<div><\/div>\n<div id=\"icselection13\">\n<p>W tym roku na maturze z polskiego pojawi\u0142 si\u0119 wiersz Anny \u015awirszczy\u0144skiej &#8220;Samotno\u015b\u0107&#8221;, zadania odwo\u0142uj\u0105ce si\u0119 do Dziad\u00f3w cz. III, oraz wybranych tekst\u00f3w kultury.<\/p>\n<\/div>\n<\/div>\n","protected":false},"excerpt":{"rendered":"<p>Pierwszy dzie\u0144 pisemnych egzamin\u00f3w maturalnych za nami. J\u0119zyk polski na poziomie podstawowym &#8211; to z tym przedmiotem zmagali si\u0119 6 maja 2019 r. tegoroczni abiturienci. W tym roku na maturze z polskiego pojawi\u0142 si\u0119 wiersz Anny \u015awirszczy\u0144skiej &#8220;Samotno\u015b\u0107&#8221;, zadania odwo\u0142uj\u0105ce si\u0119 do Dziad\u00f3w cz. III, oraz wybranych tekst\u00f3w kultury.<\/p>\n","protected":false},"author":3,"featured_media":7905,"comment_status":"closed","ping_status":"closed","sticky":false,"template":"","format":"gallery","meta":{"_acf_changed":false,"_s2mail":"","footnotes":""},"categories":[1,360,358,359,365],"tags":[],"class_list":["post-7897","post","type-post","status-publish","format-gallery","has-post-thumbnail","hentry","category-bez-kategorii","category-dla-kandydatow","category-dla-rodzicow","category-dla-uczniow","category-galeria","post_format-post-format-gallery"],"acf":[],"_links":{"self":[{"href":"https:\/\/lo6.szczecin.pl\/index.php\/wp-json\/wp\/v2\/posts\/7897","targetHints":{"allow":["GET"]}}],"collection":[{"href":"https:\/\/lo6.szczecin.pl\/index.php\/wp-json\/wp\/v2\/posts"}],"about":[{"href":"https:\/\/lo6.szczecin.pl\/index.php\/wp-json\/wp\/v2\/types\/post"}],"author":[{"embeddable":true,"href":"https:\/\/lo6.szczecin.pl\/index.php\/wp-json\/wp\/v2\/users\/3"}],"replies":[{"embeddable":true,"href":"https:\/\/lo6.szczecin.pl\/index.php\/wp-json\/wp\/v2\/comments?post=7897"}],"version-history":[{"count":4,"href":"https:\/\/lo6.szczecin.pl\/index.php\/wp-json\/wp\/v2\/posts\/7897\/revisions"}],"predecessor-version":[{"id":7907,"href":"https:\/\/lo6.szczecin.pl\/index.php\/wp-json\/wp\/v2\/posts\/7897\/revisions\/7907"}],"wp:featuredmedia":[{"embeddable":true,"href":"https:\/\/lo6.szczecin.pl\/index.php\/wp-json\/wp\/v2\/media\/7905"}],"wp:attachment":[{"href":"https:\/\/lo6.szczecin.pl\/index.php\/wp-json\/wp\/v2\/media?parent=7897"}],"wp:term":[{"taxonomy":"category","embeddable":true,"href":"https:\/\/lo6.szczecin.pl\/index.php\/wp-json\/wp\/v2\/categories?post=7897"},{"taxonomy":"post_tag","embeddable":true,"href":"https:\/\/lo6.szczecin.pl\/index.php\/wp-json\/wp\/v2\/tags?post=7897"}],"curies":[{"name":"wp","href":"https:\/\/api.w.org\/{rel}","templated":true}]}}