{"id":7889,"date":"2019-05-06T17:12:12","date_gmt":"2019-05-06T15:12:12","guid":{"rendered":"http:\/\/lo6.szczecin.pl\/?p=7889"},"modified":"2019-05-06T17:17:06","modified_gmt":"2019-05-06T15:17:06","slug":"zebrania-z-rodzicami-12","status":"publish","type":"post","link":"https:\/\/lo6.szczecin.pl\/index.php\/2019\/05\/06\/zebrania-z-rodzicami-12\/","title":{"rendered":"Zebrania z Rodzicami"},"content":{"rendered":"<p style=\"padding-left: 40px;\">Dnia 9 maja o godzinie 17:00 odb\u0119d\u0105 si\u0119 zebrania z rodzicami uczni\u00f3w klas I i II.<\/p>\n<p style=\"padding-left: 40px;\"><strong>Spotkania z wychowawcami <\/strong>b\u0119d\u0105 dotyczy\u0142y podsumowa\u0144 semestralnych i zagro\u017ce\u0144 ocen\u0105 niedostateczn\u0105, jak r\u00f3wnie\u017c bie\u017c\u0105cych osi\u0105gni\u0119\u0107 edukacyjnych.<\/p>\n<p style=\"padding-left: 40px;\"><strong>Zebranie Rady Rodzic\u00f3w\u00a0&#8211; godz.16:00<\/strong>.<\/p>\n<p style=\"padding-left: 40px;\">Obecno\u015b\u0107 na zebraniach jest obowi\u0105zkowa.<\/p>\n","protected":false},"excerpt":{"rendered":"<p>Dnia 9 maja o godzinie 17:00 odb\u0119d\u0105 si\u0119 zebrania z rodzicami uczni\u00f3w klas I i II. Spotkania z wychowawcami b\u0119d\u0105 dotyczy\u0142y podsumowa\u0144 semestralnych i zagro\u017ce\u0144 ocen\u0105 niedostateczn\u0105, jak r\u00f3wnie\u017c bie\u017c\u0105cych osi\u0105gni\u0119\u0107 edukacyjnych. Zebranie Rady Rodzic\u00f3w\u00a0&#8211; godz.16:00. Obecno\u015b\u0107 na zebraniach jest obowi\u0105zkowa.<\/p>\n","protected":false},"author":3,"featured_media":0,"comment_status":"closed","ping_status":"closed","sticky":false,"template":"","format":"standard","meta":{"_acf_changed":false,"_s2mail":"","footnotes":""},"categories":[1],"tags":[],"class_list":["post-7889","post","type-post","status-publish","format-standard","hentry","category-bez-kategorii"],"acf":[],"_links":{"self":[{"href":"https:\/\/lo6.szczecin.pl\/index.php\/wp-json\/wp\/v2\/posts\/7889","targetHints":{"allow":["GET"]}}],"collection":[{"href":"https:\/\/lo6.szczecin.pl\/index.php\/wp-json\/wp\/v2\/posts"}],"about":[{"href":"https:\/\/lo6.szczecin.pl\/index.php\/wp-json\/wp\/v2\/types\/post"}],"author":[{"embeddable":true,"href":"https:\/\/lo6.szczecin.pl\/index.php\/wp-json\/wp\/v2\/users\/3"}],"replies":[{"embeddable":true,"href":"https:\/\/lo6.szczecin.pl\/index.php\/wp-json\/wp\/v2\/comments?post=7889"}],"version-history":[{"count":2,"href":"https:\/\/lo6.szczecin.pl\/index.php\/wp-json\/wp\/v2\/posts\/7889\/revisions"}],"predecessor-version":[{"id":7891,"href":"https:\/\/lo6.szczecin.pl\/index.php\/wp-json\/wp\/v2\/posts\/7889\/revisions\/7891"}],"wp:attachment":[{"href":"https:\/\/lo6.szczecin.pl\/index.php\/wp-json\/wp\/v2\/media?parent=7889"}],"wp:term":[{"taxonomy":"category","embeddable":true,"href":"https:\/\/lo6.szczecin.pl\/index.php\/wp-json\/wp\/v2\/categories?post=7889"},{"taxonomy":"post_tag","embeddable":true,"href":"https:\/\/lo6.szczecin.pl\/index.php\/wp-json\/wp\/v2\/tags?post=7889"}],"curies":[{"name":"wp","href":"https:\/\/api.w.org\/{rel}","templated":true}]}}