{"id":7884,"date":"2019-04-29T07:00:56","date_gmt":"2019-04-29T05:00:56","guid":{"rendered":"http:\/\/lo6.szczecin.pl\/?p=7884"},"modified":"2019-05-06T07:11:41","modified_gmt":"2019-05-06T05:11:41","slug":"z-przyslowiem-za-pan-brat","status":"publish","type":"post","link":"https:\/\/lo6.szczecin.pl\/index.php\/2019\/04\/29\/z-przyslowiem-za-pan-brat\/","title":{"rendered":"Z przys\u0142owiem za pan brat"},"content":{"rendered":"<p>&nbsp;<\/p>\n<p style=\"padding-left: 40px;\">16 kwietnia 2019 r. w naszej szkole odby\u0142 si\u0119 konkurs frazeologiczny <em>Z przys\u0142owiem za pan brat<\/em>.<\/p>\n<p style=\"padding-left: 40px;\">W konkursie brali udzia\u0142 uczniowie klas pierwszych i drugich. Znajomo\u015b\u0107 zwi\u0105zk\u00f3w frazeologicznych i przys\u0142\u00f3w by\u0142a naprawd\u0119 imponuj\u0105ca.<\/p>\n<p style=\"padding-left: 40px;\">Pierwsze miejsce zdoby\u0142a Agata Mark\u00f3w z klasy 2c<\/p>\n<p style=\"padding-left: 40px;\">Drugie &#8211; Barbara Arabska z klasy 2b2, Dawid Koza z klasy 1a<\/p>\n<p style=\"padding-left: 40px;\">Trzecie &#8211; \u0141ukasz Andrysiak z klasy 1a<\/p>\n<p style=\"padding-left: 40px;\">Wyr\u00f3\u017cnienia : Amelia Tyszkiewicz z klasy 1b, Lidia Ko\u0142\u0142\u0105taj z klasy 1a<\/p>\n<p style=\"padding-left: 40px;\">Wszystkim uczestnikom <strong>gratulujemy !<\/strong><\/p>\n","protected":false},"excerpt":{"rendered":"<p>&nbsp; 16 kwietnia 2019 r. w naszej szkole odby\u0142 si\u0119 konkurs frazeologiczny Z przys\u0142owiem za pan brat. W konkursie brali udzia\u0142 uczniowie klas pierwszych i drugich. Znajomo\u015b\u0107 zwi\u0105zk\u00f3w frazeologicznych i przys\u0142\u00f3w by\u0142a naprawd\u0119 imponuj\u0105ca. Pierwsze miejsce zdoby\u0142a Agata Mark\u00f3w z klasy 2c Drugie &#8211; Barbara Arabska z klasy 2b2, Dawid Koza z klasy 1a Trzecie&#8230;<\/p>\n","protected":false},"author":3,"featured_media":0,"comment_status":"closed","ping_status":"closed","sticky":false,"template":"","format":"standard","meta":{"_acf_changed":false,"_s2mail":"","footnotes":""},"categories":[1],"tags":[],"class_list":["post-7884","post","type-post","status-publish","format-standard","hentry","category-bez-kategorii"],"acf":[],"_links":{"self":[{"href":"https:\/\/lo6.szczecin.pl\/index.php\/wp-json\/wp\/v2\/posts\/7884","targetHints":{"allow":["GET"]}}],"collection":[{"href":"https:\/\/lo6.szczecin.pl\/index.php\/wp-json\/wp\/v2\/posts"}],"about":[{"href":"https:\/\/lo6.szczecin.pl\/index.php\/wp-json\/wp\/v2\/types\/post"}],"author":[{"embeddable":true,"href":"https:\/\/lo6.szczecin.pl\/index.php\/wp-json\/wp\/v2\/users\/3"}],"replies":[{"embeddable":true,"href":"https:\/\/lo6.szczecin.pl\/index.php\/wp-json\/wp\/v2\/comments?post=7884"}],"version-history":[{"count":2,"href":"https:\/\/lo6.szczecin.pl\/index.php\/wp-json\/wp\/v2\/posts\/7884\/revisions"}],"predecessor-version":[{"id":7886,"href":"https:\/\/lo6.szczecin.pl\/index.php\/wp-json\/wp\/v2\/posts\/7884\/revisions\/7886"}],"wp:attachment":[{"href":"https:\/\/lo6.szczecin.pl\/index.php\/wp-json\/wp\/v2\/media?parent=7884"}],"wp:term":[{"taxonomy":"category","embeddable":true,"href":"https:\/\/lo6.szczecin.pl\/index.php\/wp-json\/wp\/v2\/categories?post=7884"},{"taxonomy":"post_tag","embeddable":true,"href":"https:\/\/lo6.szczecin.pl\/index.php\/wp-json\/wp\/v2\/tags?post=7884"}],"curies":[{"name":"wp","href":"https:\/\/api.w.org\/{rel}","templated":true}]}}