{"id":7836,"date":"2019-04-16T15:01:28","date_gmt":"2019-04-16T13:01:28","guid":{"rendered":"http:\/\/lo6.szczecin.pl\/?p=7836"},"modified":"2019-04-16T15:20:37","modified_gmt":"2019-04-16T13:20:37","slug":"ii-turniej-debat-oksfordzkich-w-poznaniu","status":"publish","type":"post","link":"https:\/\/lo6.szczecin.pl\/index.php\/2019\/04\/16\/ii-turniej-debat-oksfordzkich-w-poznaniu\/","title":{"rendered":"II Turniej Debat Oksfordzkich w Poznaniu"},"content":{"rendered":"<p style=\"text-align: left; padding-left: 40px;\">Dnia 23 marca w siedzibie S\u0105du Okr\u0119gowego w Poznaniu odby\u0142y si\u0119 eliminacje II Turnieju Debat Oksfordzkich o Tematyce Spo\u0142eczno-Prawnej, zorganizowane przez Fundacj\u0119 Court Watch. Zaszczyt reprezentowania VI LO przypad\u0142 w udziale pierwszoklasistom.<\/p>\n<p style=\"text-align: left; padding-left: 40px;\">Zesp\u00f3\u0142 stanowili: Dawid Koza, Maciej Szyszko, \u0141ukasz Andrysiak, Natalia Kalinowska, Jakub Ostrowski (rezerwa)<\/p>\n<p style=\"text-align: left; padding-left: 40px;\">Debatowano nad tezami:<\/p>\n<ol>\n<li style=\"list-style-type: none;\">\n<ol>\n<li style=\"list-style-type: none;\">\n<ol>\n<li style=\"text-align: left;\">Udzia\u0142 czynnika spo\u0142ecznego w wymierzaniu sprawiedliwo\u015bci, o kt\u00f3rym m\u00f3wi art. 182 Konstytucji, jest w Polsce niewystarczaj\u0105cy.<\/li>\n<li>Publiczny Rejestr Sprawc\u00f3w Przest\u0119pstw na Tle Seksualnym przynosi wi\u0119cej szk\u00f3d ni\u017c korzy\u015bci.<\/li>\n<li>Do Kodeksu karnego i kodeksu wykrocze\u0144 nale\u017cy wprowadzi\u0107 kar\u0119 zakazu korzystania z medi\u00f3w spo\u0142eczno\u015bciowych.<\/li>\n<li>Interes wymiaru sprawiedliwo\u015bci jest r\u00f3wnie wa\u017cny jak interes jednostki.<br \/>\nPo zaci\u0119tej i wyr\u00f3wnanej walce ostatecznie do fina\u0142u w Warszawie przesz\u0142a reprezentacja I LO w Ostrzeszowie.<\/li>\n<\/ol>\n<\/li>\n<\/ol>\n<\/li>\n<\/ol>\n<p style=\"padding-left: 40px;\">Podsumowuj\u0105c, nasz zesp\u00f3\u0142 zdoby\u0142 3. miejsce i pierwsze szlify turniejowe, zyska\u0142 te\u017c do\u015bwiadczenie i szanse na to, \u017ce ka\u017cda kolejna debata b\u0119dzie lepsza, a dru\u017cyna bardziej zgrana. Z pewno\u015bci\u0105 zaowocuje to sukcesami w nast\u0119pnych turniejach.<\/p>\n<p style=\"padding-left: 40px;\">Dawid Koza (1a)<\/p>\n","protected":false},"excerpt":{"rendered":"<p>Dnia 23 marca w siedzibie S\u0105du Okr\u0119gowego w Poznaniu odby\u0142y si\u0119 eliminacje II Turnieju Debat Oksfordzkich o Tematyce Spo\u0142eczno-Prawnej, zorganizowane przez Fundacj\u0119 Court Watch. Zaszczyt reprezentowania VI LO przypad\u0142 w udziale pierwszoklasistom. Zesp\u00f3\u0142 stanowili: Dawid Koza, Maciej Szyszko, \u0141ukasz Andrysiak, Natalia Kalinowska, Jakub Ostrowski (rezerwa) Debatowano nad tezami: Udzia\u0142 czynnika spo\u0142ecznego w wymierzaniu sprawiedliwo\u015bci, o&#8230;<\/p>\n","protected":false},"author":4,"featured_media":7838,"comment_status":"open","ping_status":"open","sticky":false,"template":"","format":"gallery","meta":{"_acf_changed":false,"_s2mail":"","footnotes":""},"categories":[360,358,359,365],"tags":[],"class_list":["post-7836","post","type-post","status-publish","format-gallery","has-post-thumbnail","hentry","category-dla-kandydatow","category-dla-rodzicow","category-dla-uczniow","category-galeria","post_format-post-format-gallery"],"acf":[],"_links":{"self":[{"href":"https:\/\/lo6.szczecin.pl\/index.php\/wp-json\/wp\/v2\/posts\/7836","targetHints":{"allow":["GET"]}}],"collection":[{"href":"https:\/\/lo6.szczecin.pl\/index.php\/wp-json\/wp\/v2\/posts"}],"about":[{"href":"https:\/\/lo6.szczecin.pl\/index.php\/wp-json\/wp\/v2\/types\/post"}],"author":[{"embeddable":true,"href":"https:\/\/lo6.szczecin.pl\/index.php\/wp-json\/wp\/v2\/users\/4"}],"replies":[{"embeddable":true,"href":"https:\/\/lo6.szczecin.pl\/index.php\/wp-json\/wp\/v2\/comments?post=7836"}],"version-history":[{"count":9,"href":"https:\/\/lo6.szczecin.pl\/index.php\/wp-json\/wp\/v2\/posts\/7836\/revisions"}],"predecessor-version":[{"id":7869,"href":"https:\/\/lo6.szczecin.pl\/index.php\/wp-json\/wp\/v2\/posts\/7836\/revisions\/7869"}],"wp:featuredmedia":[{"embeddable":true,"href":"https:\/\/lo6.szczecin.pl\/index.php\/wp-json\/wp\/v2\/media\/7838"}],"wp:attachment":[{"href":"https:\/\/lo6.szczecin.pl\/index.php\/wp-json\/wp\/v2\/media?parent=7836"}],"wp:term":[{"taxonomy":"category","embeddable":true,"href":"https:\/\/lo6.szczecin.pl\/index.php\/wp-json\/wp\/v2\/categories?post=7836"},{"taxonomy":"post_tag","embeddable":true,"href":"https:\/\/lo6.szczecin.pl\/index.php\/wp-json\/wp\/v2\/tags?post=7836"}],"curies":[{"name":"wp","href":"https:\/\/api.w.org\/{rel}","templated":true}]}}