{"id":7812,"date":"2019-04-01T15:20:21","date_gmt":"2019-04-01T13:20:21","guid":{"rendered":"http:\/\/lo6.szczecin.pl\/?p=7812"},"modified":"2019-04-01T15:28:18","modified_gmt":"2019-04-01T13:28:18","slug":"mlodziezowy-budzet-obywatelski-2019","status":"publish","type":"post","link":"https:\/\/lo6.szczecin.pl\/index.php\/2019\/04\/01\/mlodziezowy-budzet-obywatelski-2019\/","title":{"rendered":"M\u0142odzie\u017cowy Bud\u017cet Obywatelski 2019"},"content":{"rendered":"<p>W dniu 26 marca 2019 r. Prezydent Miasta Szczecin podpisa\u0142 Zarz\u0105dzenie nr 123\/19 w sprawie M\u0142odzie\u017cowego Bud\u017cetu Obywatelskiego 2019 (w za\u0142\u0105czeniu).<br \/>\nZa\u0142\u0105cznikami do Zarz\u0105dzenia s\u0105: <a href=\"http:\/\/lo6.szczecin.pl\/wp-content\/uploads\/2019\/03\/MBO.pdf\">Regulamin MBO, Harmonogram MBO 2019, Karta projektu<\/a>.<\/p>\n<p>Zainteresowanych uczni\u00f3w prosz\u0119 o szczeg\u00f3\u0142owe zapoznanie si\u0119 z tre\u015bci\u0105 Zarz\u0105dzenia nr 123\/19 \u00a0i z\u0142o\u017cenie do dnia 04.04.2019 r. w sekretariacie szko\u0142y wype\u0142nionych Kart projektu.<\/p>\n<p>23 kwietnia 2019 r. Radni Rady Miasta Szczecin b\u0119d\u0105 podejmowali \u00a0Uchwa\u0142\u0119 w sprawie zmiany Bud\u017cetu Miasta Szczecin na rok 2019. Po czym 38 palc\u00f3wek o\u015bwiatowych (kszta\u0142c\u0105cych na poziomie ponadgimnazjalnym) otrzyma zwi\u0119kszone plany finansowe o kwot\u0119 8500 z\u0142 na realizacje zadania ? M\u0142odzie\u017cowy Bud\u017cet Obywatelski?. Po zatwierdzeniu zmiany w bud\u017cecie \u015brodki finansowe zostan\u0105 przekazane do szk\u00f3\u0142.<\/p>\n","protected":false},"excerpt":{"rendered":"<p>W dniu 26 marca 2019 r. Prezydent Miasta Szczecin podpisa\u0142 Zarz\u0105dzenie nr 123\/19 w sprawie M\u0142odzie\u017cowego Bud\u017cetu Obywatelskiego 2019 (w za\u0142\u0105czeniu). Za\u0142\u0105cznikami do Zarz\u0105dzenia s\u0105: Regulamin MBO, Harmonogram MBO 2019, Karta projektu. Zainteresowanych uczni\u00f3w prosz\u0119 o szczeg\u00f3\u0142owe zapoznanie si\u0119 z tre\u015bci\u0105 Zarz\u0105dzenia nr 123\/19 \u00a0i z\u0142o\u017cenie do dnia 04.04.2019 r. w sekretariacie szko\u0142y wype\u0142nionych Kart&#8230;<\/p>\n","protected":false},"author":3,"featured_media":0,"comment_status":"open","ping_status":"open","sticky":false,"template":"","format":"standard","meta":{"_acf_changed":false,"_s2mail":"","footnotes":""},"categories":[1],"tags":[],"class_list":["post-7812","post","type-post","status-publish","format-standard","hentry","category-bez-kategorii"],"acf":[],"_links":{"self":[{"href":"https:\/\/lo6.szczecin.pl\/index.php\/wp-json\/wp\/v2\/posts\/7812","targetHints":{"allow":["GET"]}}],"collection":[{"href":"https:\/\/lo6.szczecin.pl\/index.php\/wp-json\/wp\/v2\/posts"}],"about":[{"href":"https:\/\/lo6.szczecin.pl\/index.php\/wp-json\/wp\/v2\/types\/post"}],"author":[{"embeddable":true,"href":"https:\/\/lo6.szczecin.pl\/index.php\/wp-json\/wp\/v2\/users\/3"}],"replies":[{"embeddable":true,"href":"https:\/\/lo6.szczecin.pl\/index.php\/wp-json\/wp\/v2\/comments?post=7812"}],"version-history":[{"count":2,"href":"https:\/\/lo6.szczecin.pl\/index.php\/wp-json\/wp\/v2\/posts\/7812\/revisions"}],"predecessor-version":[{"id":7817,"href":"https:\/\/lo6.szczecin.pl\/index.php\/wp-json\/wp\/v2\/posts\/7812\/revisions\/7817"}],"wp:attachment":[{"href":"https:\/\/lo6.szczecin.pl\/index.php\/wp-json\/wp\/v2\/media?parent=7812"}],"wp:term":[{"taxonomy":"category","embeddable":true,"href":"https:\/\/lo6.szczecin.pl\/index.php\/wp-json\/wp\/v2\/categories?post=7812"},{"taxonomy":"post_tag","embeddable":true,"href":"https:\/\/lo6.szczecin.pl\/index.php\/wp-json\/wp\/v2\/tags?post=7812"}],"curies":[{"name":"wp","href":"https:\/\/api.w.org\/{rel}","templated":true}]}}