{"id":7738,"date":"2019-03-14T17:22:50","date_gmt":"2019-03-14T16:22:50","guid":{"rendered":"http:\/\/lo6.szczecin.pl\/?p=7738"},"modified":"2019-03-14T17:22:50","modified_gmt":"2019-03-14T16:22:50","slug":"spotkanie-komitetu-jubileuszowgo","status":"publish","type":"post","link":"https:\/\/lo6.szczecin.pl\/index.php\/2019\/03\/14\/spotkanie-komitetu-jubileuszowgo\/","title":{"rendered":"Spotkanie Komitetu Jubileuszowgo"},"content":{"rendered":"<div class=\"_10 _2wqp uiLayer _4-hy _3thl _3qw\">\n<div class=\"_59s7\" role=\"dialog\" aria-labelledby=\"u_66_0\">\n<div class=\"_4t2a\">\n<div>\n<div>\n<div id=\"u_66_6\" class=\"_4-i2 _pig _416u _50f4 _5pfh\">\n<div id=\"u_66_7\">\n<div>\n<div>\n<div class=\"_3l4o\" data-testid=\"event_create_dialog\">\n<div class=\"_4ixr\">\n<div class=\"_3875\">\n<div class=\"_3878\">\n<div class=\"_38mg clearfix _ikh\">\n<div class=\"_3879 _4bl9\">\n<div class=\"_mh-\">\n<div class=\"_f6a _5yk1\" role=\"presentation\">\n<div class=\"_5yk2\" tabindex=\"-1\">\n<div class=\"_5rp7\">\n<div class=\"_5rpb\">\n<div class=\"notranslate _5rpu\" role=\"combobox\" contenteditable=\"true\" spellcheck=\"false\" aria-expanded=\"false\" aria-controls=\"js_158\" aria-describedby=\"placeholder-1k8jo\" aria-autocomplete=\"list\" data-testid=\"event-create-dialog-details-field\">\n<div data-contents=\"true\">\n<div data-offset-key=\"fajus-0-0\" data-block=\"true\" data-editor=\"1k8jo\">\n<div class=\"_1mf _1mj\" data-offset-key=\"fajus-0-0\"><span data-offset-key=\"fajus-0-0\">Zapraszamy wszystkich absolwent\u00f3w VI LO, kt\u00f3rzy chcieliby si\u0119 w\u0142\u0105czy\u0107 w organizacj\u0119 uroczysto\u015bci jubileuszowych, tworzenie Z\u0142otej Setki Sz\u00f3stki lub mog\u0105 nas wspom\u00f3c innymi dzia\u0142aniami na spotkanie w szkole we wtorek tj. 26 marca 2019 r. o godzinie 17:00.<\/span><\/div>\n<\/div>\n<\/div>\n<\/div>\n<\/div>\n<\/div>\n<\/div>\n<\/div>\n<\/div>\n<\/div>\n<\/div>\n<\/div>\n<\/div>\n<\/div>\n<\/div>\n<\/div>\n<\/div>\n<\/div>\n<\/div>\n<\/div>\n<\/div>\n<\/div>\n<\/div>\n<\/div>\n","protected":false},"excerpt":{"rendered":"<p>Zapraszamy wszystkich absolwent\u00f3w VI LO, kt\u00f3rzy chcieliby si\u0119 w\u0142\u0105czy\u0107 w organizacj\u0119 uroczysto\u015bci jubileuszowych, tworzenie Z\u0142otej Setki Sz\u00f3stki lub mog\u0105 nas wspom\u00f3c innymi dzia\u0142aniami na spotkanie w szkole we wtorek tj. 26 marca 2019 r. o godzinie 17:00.<\/p>\n","protected":false},"author":3,"featured_media":0,"comment_status":"open","ping_status":"open","sticky":false,"template":"","format":"standard","meta":{"_acf_changed":false,"_s2mail":"","footnotes":""},"categories":[1],"tags":[],"class_list":["post-7738","post","type-post","status-publish","format-standard","hentry","category-bez-kategorii"],"acf":[],"_links":{"self":[{"href":"https:\/\/lo6.szczecin.pl\/index.php\/wp-json\/wp\/v2\/posts\/7738","targetHints":{"allow":["GET"]}}],"collection":[{"href":"https:\/\/lo6.szczecin.pl\/index.php\/wp-json\/wp\/v2\/posts"}],"about":[{"href":"https:\/\/lo6.szczecin.pl\/index.php\/wp-json\/wp\/v2\/types\/post"}],"author":[{"embeddable":true,"href":"https:\/\/lo6.szczecin.pl\/index.php\/wp-json\/wp\/v2\/users\/3"}],"replies":[{"embeddable":true,"href":"https:\/\/lo6.szczecin.pl\/index.php\/wp-json\/wp\/v2\/comments?post=7738"}],"version-history":[{"count":1,"href":"https:\/\/lo6.szczecin.pl\/index.php\/wp-json\/wp\/v2\/posts\/7738\/revisions"}],"predecessor-version":[{"id":7740,"href":"https:\/\/lo6.szczecin.pl\/index.php\/wp-json\/wp\/v2\/posts\/7738\/revisions\/7740"}],"wp:attachment":[{"href":"https:\/\/lo6.szczecin.pl\/index.php\/wp-json\/wp\/v2\/media?parent=7738"}],"wp:term":[{"taxonomy":"category","embeddable":true,"href":"https:\/\/lo6.szczecin.pl\/index.php\/wp-json\/wp\/v2\/categories?post=7738"},{"taxonomy":"post_tag","embeddable":true,"href":"https:\/\/lo6.szczecin.pl\/index.php\/wp-json\/wp\/v2\/tags?post=7738"}],"curies":[{"name":"wp","href":"https:\/\/api.w.org\/{rel}","templated":true}]}}