{"id":7718,"date":"2019-03-13T12:55:34","date_gmt":"2019-03-13T11:55:34","guid":{"rendered":"http:\/\/lo6.szczecin.pl\/?p=7718"},"modified":"2019-03-13T12:55:34","modified_gmt":"2019-03-13T11:55:34","slug":"dzien-otwarty-2","status":"publish","type":"post","link":"https:\/\/lo6.szczecin.pl\/index.php\/2019\/03\/13\/dzien-otwarty-2\/","title":{"rendered":"Dzie\u0144 Otwarty"},"content":{"rendered":"<p>Zapraszamy wszystkich uczni\u00f3w klas III szk\u00f3\u0142 gimnazjalnych i klas VIII szk\u00f3\u0142 podstawiowych na Dzie\u0144 Otwarty VI LO.<\/p>\n","protected":false},"excerpt":{"rendered":"<p>Zapraszamy wszystkich uczni\u00f3w klas III szk\u00f3\u0142 gimnazjalnych i klas VIII szk\u00f3\u0142 podstawiowych na Dzie\u0144 Otwarty VI LO.<\/p>\n","protected":false},"author":3,"featured_media":0,"comment_status":"open","ping_status":"open","sticky":false,"template":"","format":"gallery","meta":{"_acf_changed":false,"_s2mail":"","footnotes":""},"categories":[360,358,359,365],"tags":[],"class_list":["post-7718","post","type-post","status-publish","format-gallery","hentry","category-dla-kandydatow","category-dla-rodzicow","category-dla-uczniow","category-galeria","post_format-post-format-gallery"],"acf":[],"_links":{"self":[{"href":"https:\/\/lo6.szczecin.pl\/index.php\/wp-json\/wp\/v2\/posts\/7718","targetHints":{"allow":["GET"]}}],"collection":[{"href":"https:\/\/lo6.szczecin.pl\/index.php\/wp-json\/wp\/v2\/posts"}],"about":[{"href":"https:\/\/lo6.szczecin.pl\/index.php\/wp-json\/wp\/v2\/types\/post"}],"author":[{"embeddable":true,"href":"https:\/\/lo6.szczecin.pl\/index.php\/wp-json\/wp\/v2\/users\/3"}],"replies":[{"embeddable":true,"href":"https:\/\/lo6.szczecin.pl\/index.php\/wp-json\/wp\/v2\/comments?post=7718"}],"version-history":[{"count":1,"href":"https:\/\/lo6.szczecin.pl\/index.php\/wp-json\/wp\/v2\/posts\/7718\/revisions"}],"predecessor-version":[{"id":7720,"href":"https:\/\/lo6.szczecin.pl\/index.php\/wp-json\/wp\/v2\/posts\/7718\/revisions\/7720"}],"wp:attachment":[{"href":"https:\/\/lo6.szczecin.pl\/index.php\/wp-json\/wp\/v2\/media?parent=7718"}],"wp:term":[{"taxonomy":"category","embeddable":true,"href":"https:\/\/lo6.szczecin.pl\/index.php\/wp-json\/wp\/v2\/categories?post=7718"},{"taxonomy":"post_tag","embeddable":true,"href":"https:\/\/lo6.szczecin.pl\/index.php\/wp-json\/wp\/v2\/tags?post=7718"}],"curies":[{"name":"wp","href":"https:\/\/api.w.org\/{rel}","templated":true}]}}