{"id":7702,"date":"2019-03-11T14:41:31","date_gmt":"2019-03-11T13:41:31","guid":{"rendered":"http:\/\/lo6.szczecin.pl\/?p=7702"},"modified":"2019-03-13T12:31:03","modified_gmt":"2019-03-13T11:31:03","slug":"zebrania-z-rodzicami-11","status":"publish","type":"post","link":"https:\/\/lo6.szczecin.pl\/index.php\/2019\/03\/11\/zebrania-z-rodzicami-11\/","title":{"rendered":"Zebrania z Rodzicami"},"content":{"rendered":"<p>Dnia 14 marca o godzinie 17:00 odb\u0119d\u0105 si\u0119 zebrania z rodzicami uczni\u00f3w klas I, II i III.<\/p>\n<p><strong>Spotkania z wychowawcami klas III\u00a0<\/strong> b\u0119d\u0105 dotyczy\u0142y podsumowa\u0144 semestralnych i zagro\u017ce\u0144 ocen\u0105 niedostateczn\u0105, natomiast w klasach I i II bie\u017c\u0105cych osi\u0105gni\u0119\u0107 edukacyjnych.<\/p>\n<p><strong>Zebranie Rady Rodzic\u00f3w\u00a0&#8211; godz.16:00<\/strong>.<\/p>\n<p>Obecno\u015b\u0107 na zebraniach jest obowi\u0105zkowa.<\/p>\n","protected":false},"excerpt":{"rendered":"<p>Dnia 14 marca o godzinie 17:00 odb\u0119d\u0105 si\u0119 zebrania z rodzicami uczni\u00f3w klas I, II i III. Spotkania z wychowawcami klas III\u00a0 b\u0119d\u0105 dotyczy\u0142y podsumowa\u0144 semestralnych i zagro\u017ce\u0144 ocen\u0105 niedostateczn\u0105, natomiast w klasach I i II bie\u017c\u0105cych osi\u0105gni\u0119\u0107 edukacyjnych. Zebranie Rady Rodzic\u00f3w\u00a0&#8211; godz.16:00. Obecno\u015b\u0107 na zebraniach jest obowi\u0105zkowa.<\/p>\n","protected":false},"author":3,"featured_media":0,"comment_status":"open","ping_status":"open","sticky":false,"template":"","format":"gallery","meta":{"_acf_changed":false,"_s2mail":"","footnotes":""},"categories":[360,358,359],"tags":[],"class_list":["post-7702","post","type-post","status-publish","format-gallery","hentry","category-dla-kandydatow","category-dla-rodzicow","category-dla-uczniow","post_format-post-format-gallery"],"acf":[],"_links":{"self":[{"href":"https:\/\/lo6.szczecin.pl\/index.php\/wp-json\/wp\/v2\/posts\/7702","targetHints":{"allow":["GET"]}}],"collection":[{"href":"https:\/\/lo6.szczecin.pl\/index.php\/wp-json\/wp\/v2\/posts"}],"about":[{"href":"https:\/\/lo6.szczecin.pl\/index.php\/wp-json\/wp\/v2\/types\/post"}],"author":[{"embeddable":true,"href":"https:\/\/lo6.szczecin.pl\/index.php\/wp-json\/wp\/v2\/users\/3"}],"replies":[{"embeddable":true,"href":"https:\/\/lo6.szczecin.pl\/index.php\/wp-json\/wp\/v2\/comments?post=7702"}],"version-history":[{"count":2,"href":"https:\/\/lo6.szczecin.pl\/index.php\/wp-json\/wp\/v2\/posts\/7702\/revisions"}],"predecessor-version":[{"id":7704,"href":"https:\/\/lo6.szczecin.pl\/index.php\/wp-json\/wp\/v2\/posts\/7702\/revisions\/7704"}],"wp:attachment":[{"href":"https:\/\/lo6.szczecin.pl\/index.php\/wp-json\/wp\/v2\/media?parent=7702"}],"wp:term":[{"taxonomy":"category","embeddable":true,"href":"https:\/\/lo6.szczecin.pl\/index.php\/wp-json\/wp\/v2\/categories?post=7702"},{"taxonomy":"post_tag","embeddable":true,"href":"https:\/\/lo6.szczecin.pl\/index.php\/wp-json\/wp\/v2\/tags?post=7702"}],"curies":[{"name":"wp","href":"https:\/\/api.w.org\/{rel}","templated":true}]}}