{"id":7700,"date":"2019-03-11T14:40:25","date_gmt":"2019-03-11T13:40:25","guid":{"rendered":"http:\/\/lo6.szczecin.pl\/?p=7700"},"modified":"2019-03-20T14:43:33","modified_gmt":"2019-03-20T13:43:33","slug":"komorkomania-w-vi-lo","status":"publish","type":"post","link":"https:\/\/lo6.szczecin.pl\/index.php\/2019\/03\/11\/komorkomania-w-vi-lo\/","title":{"rendered":"Kom\u00f3rkomania"},"content":{"rendered":"<table style=\"width: 1361px; height: 134px;\">\n<tbody>\n<tr>\n<td style=\"width: 20px;\"><\/td>\n<td style=\"width: 444.32px;\"><\/td>\n<td style=\"width: 20px;\"><\/td>\n<\/tr>\n<tr>\n<td style=\"width: 20px;\"><\/td>\n<td style=\"width: 444.32px;\">Kom\u00f3rkomania to nie moda na lepszy model telefonu&#8230; to moda na ratowanie czyjego\u015b \u017cycia. Jak?<br \/>\nZa pomoc\u0105 kom\u00f3rki. Ale nie tej, kt\u00f3r\u0105 nosisz w kieszeni, tylko tej, kt\u00f3r\u0105 nosisz w swoim ciele&#8230;.<br \/>\n<a href=\"https:\/\/www.24kurier.pl\/aktualnosci\/wiadomosci\/komorkomania-w-vi-lo-mlodziez-chce-ratowac-innym-zycie\/\">Artyku\u0142 z Kuriera Szczeci\u0144skiego z dnia 19 marca 2019 r<\/a>.: <em>Uczniowie wszystkich klas VI Liceum Og\u00f3lnokszta\u0142c\u0105cego w Szczecinie w\u0142\u0105czyli si\u0119 w pi\u0105tek w akcj\u0119 &#8220;Zachodniopomorska #Kom\u00f3rkomania&#8221;. Przekonywali, \u017ce warto zosta\u0107 dawc\u0105 szpiku. Dzi\u0119ki ich dzia\u0142aniom zwi\u0119kszy\u0142a si\u0119 baza potencjalnych dawc\u00f3w kom\u00f3rek macierzystych&#8230;<\/em>&nbsp;<\/p>\n<p>Publikacja z dnia 11.03.2019 r.<\/p>\n<p>Drodzy Rodzice, Uczniowie i Nauczyciele!<br \/>\nZapraszamy do w\u0142\u0105czenia si\u0119 do akcji<br \/>\n&#8220;Kom\u00f3rkomania w VI LO&#8221; , kt\u00f3ra ma na celu pozyskanie potencjalnych dawc\u00f3w kom\u00f3rek macierzystych szpiku kostnego.<br \/>\nPobranie wymaz\u00f3w z jamy ustnej od os\u00f3b ch\u0119tnych, kt\u00f3re uko\u0144czy\u0142y 18 lat, odbywa\u0107 si\u0119 b\u0119dzie w pi\u0105tek tj.15.03 w godzinach 9.00 &#8211; 14.00 w gabinecie pedagoga szkolnego.<br \/>\nRodzic\u00f3w ch\u0119tnych do zostania potencjalnym dawc\u0105 szpiku kostnego zapraszamy tak\u017ce w czwartek w trakcie zebra\u0144 z rodzicami w naszej szkole tj.14.03 w godzinach 16:30 &#8211; 18:30 na I pi\u0119trze przy sekretariacie.<br \/>\nDrodzy Uczniowie!<br \/>\nW pi\u0105tek mo\u017cna wesprze\u0107 akcj\u0119 poprzez ubi\u00f3r w kolorach bia\u0142o &#8211; czerwonych.<br \/>\nOpiekunem akcji i osob\u0105 udzielaj\u0105c\u0105 informacji jest Pani Monika \u0141uczak sala nr 4.<br \/>\n&#8221; DKMS &#8211; POKONAJMY NOWOTWORY KRWI &#8220;<\/td>\n<td style=\"width: 20px;\"><\/td>\n<\/tr>\n<tr>\n<td style=\"width: 20px;\"><\/td>\n<td style=\"width: 444.32px;\"><\/td>\n<td style=\"width: 20px;\"><\/td>\n<\/tr>\n<\/tbody>\n<\/table>\n<p>&nbsp;<\/p>\n","protected":false},"excerpt":{"rendered":"<p>Kom\u00f3rkomania to nie moda na lepszy model telefonu&#8230; to moda na ratowanie czyjego\u015b \u017cycia. Jak? Za pomoc\u0105 kom\u00f3rki. Ale nie tej, kt\u00f3r\u0105 nosisz w kieszeni, tylko tej, kt\u00f3r\u0105 nosisz w swoim ciele&#8230;. Artyku\u0142 z Kuriera Szczeci\u0144skiego z dnia 19 marca 2019 r.: Uczniowie wszystkich klas VI Liceum Og\u00f3lnokszta\u0142c\u0105cego w Szczecinie w\u0142\u0105czyli si\u0119 w pi\u0105tek w&#8230;<\/p>\n","protected":false},"author":3,"featured_media":0,"comment_status":"open","ping_status":"open","sticky":false,"template":"","format":"gallery","meta":{"_acf_changed":false,"_s2mail":"","footnotes":""},"categories":[360,358,359,365],"tags":[],"class_list":["post-7700","post","type-post","status-publish","format-gallery","hentry","category-dla-kandydatow","category-dla-rodzicow","category-dla-uczniow","category-galeria","post_format-post-format-gallery"],"acf":[],"_links":{"self":[{"href":"https:\/\/lo6.szczecin.pl\/index.php\/wp-json\/wp\/v2\/posts\/7700","targetHints":{"allow":["GET"]}}],"collection":[{"href":"https:\/\/lo6.szczecin.pl\/index.php\/wp-json\/wp\/v2\/posts"}],"about":[{"href":"https:\/\/lo6.szczecin.pl\/index.php\/wp-json\/wp\/v2\/types\/post"}],"author":[{"embeddable":true,"href":"https:\/\/lo6.szczecin.pl\/index.php\/wp-json\/wp\/v2\/users\/3"}],"replies":[{"embeddable":true,"href":"https:\/\/lo6.szczecin.pl\/index.php\/wp-json\/wp\/v2\/comments?post=7700"}],"version-history":[{"count":11,"href":"https:\/\/lo6.szczecin.pl\/index.php\/wp-json\/wp\/v2\/posts\/7700\/revisions"}],"predecessor-version":[{"id":7772,"href":"https:\/\/lo6.szczecin.pl\/index.php\/wp-json\/wp\/v2\/posts\/7700\/revisions\/7772"}],"wp:attachment":[{"href":"https:\/\/lo6.szczecin.pl\/index.php\/wp-json\/wp\/v2\/media?parent=7700"}],"wp:term":[{"taxonomy":"category","embeddable":true,"href":"https:\/\/lo6.szczecin.pl\/index.php\/wp-json\/wp\/v2\/categories?post=7700"},{"taxonomy":"post_tag","embeddable":true,"href":"https:\/\/lo6.szczecin.pl\/index.php\/wp-json\/wp\/v2\/tags?post=7700"}],"curies":[{"name":"wp","href":"https:\/\/api.w.org\/{rel}","templated":true}]}}