{"id":7608,"date":"2019-02-22T11:03:37","date_gmt":"2019-02-22T10:03:37","guid":{"rendered":"http:\/\/lo6.szczecin.pl\/?p=7608"},"modified":"2019-02-22T15:07:19","modified_gmt":"2019-02-22T14:07:19","slug":"uroczystosci-pogrzebowe","status":"publish","type":"post","link":"https:\/\/lo6.szczecin.pl\/index.php\/2019\/02\/22\/uroczystosci-pogrzebowe\/","title":{"rendered":"Uroczysto\u015bci pogrzebowe"},"content":{"rendered":"<p><strong>Uroczysto\u015bci pogrzebowe<\/strong> Pani Marii Kluszczy\u0144skiej odb\u0119d\u0105 si\u0119 w sobot\u0119 02.03.2019 r., o godz. 10 w ko\u015bciele parafialnym\u00a0pw. \u015bw. Andrzeja Boboli, przy\u00a0ul. Pocztowej 22 w Szczecinie.<\/p>\n<p>Po mszy nast\u0105pi przejazd do miejsca poch\u00f3wku na Cmentarzu Centralnym.<\/p>\n","protected":false},"excerpt":{"rendered":"<p>Uroczysto\u015bci pogrzebowe Pani Marii Kluszczy\u0144skiej odb\u0119d\u0105 si\u0119 w sobot\u0119 02.03.2019 r., o godz. 10 w ko\u015bciele parafialnym\u00a0pw. \u015bw. Andrzeja Boboli, przy\u00a0ul. Pocztowej 22 w Szczecinie. Po mszy nast\u0105pi przejazd do miejsca poch\u00f3wku na Cmentarzu Centralnym.<\/p>\n","protected":false},"author":3,"featured_media":0,"comment_status":"open","ping_status":"open","sticky":false,"template":"","format":"standard","meta":{"_acf_changed":false,"_s2mail":"yes","footnotes":""},"categories":[1],"tags":[],"class_list":["post-7608","post","type-post","status-publish","format-standard","hentry","category-bez-kategorii"],"acf":[],"_links":{"self":[{"href":"https:\/\/lo6.szczecin.pl\/index.php\/wp-json\/wp\/v2\/posts\/7608","targetHints":{"allow":["GET"]}}],"collection":[{"href":"https:\/\/lo6.szczecin.pl\/index.php\/wp-json\/wp\/v2\/posts"}],"about":[{"href":"https:\/\/lo6.szczecin.pl\/index.php\/wp-json\/wp\/v2\/types\/post"}],"author":[{"embeddable":true,"href":"https:\/\/lo6.szczecin.pl\/index.php\/wp-json\/wp\/v2\/users\/3"}],"replies":[{"embeddable":true,"href":"https:\/\/lo6.szczecin.pl\/index.php\/wp-json\/wp\/v2\/comments?post=7608"}],"version-history":[{"count":3,"href":"https:\/\/lo6.szczecin.pl\/index.php\/wp-json\/wp\/v2\/posts\/7608\/revisions"}],"predecessor-version":[{"id":7611,"href":"https:\/\/lo6.szczecin.pl\/index.php\/wp-json\/wp\/v2\/posts\/7608\/revisions\/7611"}],"wp:attachment":[{"href":"https:\/\/lo6.szczecin.pl\/index.php\/wp-json\/wp\/v2\/media?parent=7608"}],"wp:term":[{"taxonomy":"category","embeddable":true,"href":"https:\/\/lo6.szczecin.pl\/index.php\/wp-json\/wp\/v2\/categories?post=7608"},{"taxonomy":"post_tag","embeddable":true,"href":"https:\/\/lo6.szczecin.pl\/index.php\/wp-json\/wp\/v2\/tags?post=7608"}],"curies":[{"name":"wp","href":"https:\/\/api.w.org\/{rel}","templated":true}]}}