{"id":7599,"date":"2019-02-20T15:07:33","date_gmt":"2019-02-20T14:07:33","guid":{"rendered":"http:\/\/lo6.szczecin.pl\/?p=7599"},"modified":"2019-02-20T15:09:55","modified_gmt":"2019-02-20T14:09:55","slug":"xix-szkolny-konkurs-recytatorski","status":"publish","type":"post","link":"https:\/\/lo6.szczecin.pl\/index.php\/2019\/02\/20\/xix-szkolny-konkurs-recytatorski\/","title":{"rendered":"XIX SZKOLNY KONKURS RECYTATORSKI"},"content":{"rendered":"<p>Wczoraj, tj 19 lutego uczniowie naszej szko\u0142y brali udzia\u0142 w konkursie recytatorskim i poezji \u015bpiewanej. Do konkursu zg\u0142osi\u0142o si\u0119 13 os\u00f3b z r\u00f3\u017cnych klas. W jury zasiedli : pani profesor Gra\u017cyna Jura jako przewodnicz\u0105ca, pani profesor Teresa Witkiewicz a tak\u017ce nasze uczennice: z klasy IIIa &#8211; Weronika Sztukowska, z klasy IIIc &#8211; Aleksandra Dr\u0105\u017ckowska.<\/p>\n<p>Tegoroczny konkurs nie mia\u0142 tak surowego regulaminu, jak w ostatnich latach, bowiem chcieli\u015bmy zach\u0119ci\u0107 do bardziej swobodnego wyboru tekst\u00f3w. Cieszymy si\u0119, \u017ce wybierali\u015bcie r\u00f3\u017cnorodne utwory i autor\u00f3w z r\u00f3\u017cnych okres\u00f3w literackich W czasie naszego konkursu publiczno\u015b\u0107 wybiera\u0142a najlepszego recytatora. Zosta\u0142 nim Piotr To\u0142kacz.<\/p>\n<p>Konkurs prowadzili: Natalia Pluskota i Dominik S\u0105dkiewicz\u00a0&#8211; uczniowie klasy Ic.<\/p>\n<p>I miejsce w recytacji zdoby\u0142 Piotr To\u0142kacz z klasy IIIa Zaprezentowa\u0142 utw\u00f3r Konstantego Ildefonsa Ga\u0142czy\u0144skiego pt. : <em>Ofiara \u015bwierzopa<\/em><\/p>\n<p>II miejsce w recytacji zdoby\u0142a Kinga Kruszewska z klasy IIb2 Zaprezentowa\u0142a fragment <em>Pana Tadeusza <\/em>Adama Mickiewicza<\/p>\n<p>III miejsce w recytacji zdoby\u0142 J\u0119drzej Kleszcz Zaprezentowa\u0142 fragment z <em>Miasta \u015bni\u0105cych<\/em> <em>ksi\u0105\u017cek <\/em> Waltera Moersa.<\/p>\n<p>W poezji \u015bpiewanej I miejsce zdoby\u0142a Laura Sypniewska z klasy Ia . Za\u015bpiewa\u0142a poezj\u0119 ksi\u0119dza Jana Twardowskiego <em>Bliscy i oddaleni<\/em><\/p>\n<p><em>II miejsce zdoby\u0142a Sibela Pinar z klasy IIb1 z piosenk\u0105 tak\u017ce ksi\u0119dza Jana Twardowskiego <em>By\u0142o<\/em><\/em><\/p>\n<p>III miejsce zdoby\u0142a Basia Karbownik z klasy Ib . Basia zaprezentowa\u0142a\u00a0\u00a0 <em>Bombonierk\u0119<\/em> Basi St\u0119pniak Wilk<\/p>\n<p>Wszystkim uczestnikom dzi\u0119kujemy<\/p>\n","protected":false},"excerpt":{"rendered":"<p>Wczoraj, tj 19 lutego uczniowie naszej szko\u0142y brali udzia\u0142 w konkursie recytatorskim i poezji \u015bpiewanej. Do konkursu zg\u0142osi\u0142o si\u0119 13 os\u00f3b z r\u00f3\u017cnych klas. W jury zasiedli : pani profesor Gra\u017cyna Jura jako przewodnicz\u0105ca, pani profesor Teresa Witkiewicz a tak\u017ce nasze uczennice: z klasy IIIa &#8211; Weronika Sztukowska, z klasy IIIc &#8211; Aleksandra Dr\u0105\u017ckowska. Tegoroczny&#8230;<\/p>\n","protected":false},"author":3,"featured_media":0,"comment_status":"open","ping_status":"open","sticky":false,"template":"","format":"standard","meta":{"_acf_changed":false,"_s2mail":"yes","footnotes":""},"categories":[1],"tags":[],"class_list":["post-7599","post","type-post","status-publish","format-standard","hentry","category-bez-kategorii"],"acf":[],"_links":{"self":[{"href":"https:\/\/lo6.szczecin.pl\/index.php\/wp-json\/wp\/v2\/posts\/7599","targetHints":{"allow":["GET"]}}],"collection":[{"href":"https:\/\/lo6.szczecin.pl\/index.php\/wp-json\/wp\/v2\/posts"}],"about":[{"href":"https:\/\/lo6.szczecin.pl\/index.php\/wp-json\/wp\/v2\/types\/post"}],"author":[{"embeddable":true,"href":"https:\/\/lo6.szczecin.pl\/index.php\/wp-json\/wp\/v2\/users\/3"}],"replies":[{"embeddable":true,"href":"https:\/\/lo6.szczecin.pl\/index.php\/wp-json\/wp\/v2\/comments?post=7599"}],"version-history":[{"count":2,"href":"https:\/\/lo6.szczecin.pl\/index.php\/wp-json\/wp\/v2\/posts\/7599\/revisions"}],"predecessor-version":[{"id":7601,"href":"https:\/\/lo6.szczecin.pl\/index.php\/wp-json\/wp\/v2\/posts\/7599\/revisions\/7601"}],"wp:attachment":[{"href":"https:\/\/lo6.szczecin.pl\/index.php\/wp-json\/wp\/v2\/media?parent=7599"}],"wp:term":[{"taxonomy":"category","embeddable":true,"href":"https:\/\/lo6.szczecin.pl\/index.php\/wp-json\/wp\/v2\/categories?post=7599"},{"taxonomy":"post_tag","embeddable":true,"href":"https:\/\/lo6.szczecin.pl\/index.php\/wp-json\/wp\/v2\/tags?post=7599"}],"curies":[{"name":"wp","href":"https:\/\/api.w.org\/{rel}","templated":true}]}}