{"id":7558,"date":"2019-02-18T14:49:19","date_gmt":"2019-02-18T13:49:19","guid":{"rendered":"http:\/\/lo6.szczecin.pl\/?p=7558"},"modified":"2019-02-20T14:53:54","modified_gmt":"2019-02-20T13:53:54","slug":"licealista-w-swiecie-nauki-2","status":"publish","type":"post","link":"https:\/\/lo6.szczecin.pl\/index.php\/2019\/02\/18\/licealista-w-swiecie-nauki-2\/","title":{"rendered":"Licealista w \u015bwiecie nauki"},"content":{"rendered":"<p><span style=\"color: #000000; font-family: Calibri;\">W miniony pi\u0105tek ju\u017c po raz si\u00f3dmy nasza szko\u0142a przystapi\u0142a do projektu organizowanego przez Zachodniopomorski Uniwersytet Technologiczny <em>Licealista w \u015bwiecie nauki<\/em>. Uczniowie klas II o profilu medycznym wzieli udzia\u0142 w uroczystej inauguracji, w trakcie kt\u00f3rej otrzymali indeksy umo\u017cliwiajace im branie udzia\u0142u w zaj\u0119ciach warsztatowych prowadzonych na uczelni. W tym roku realizowa\u0107 b\u0119dziemy dwa nowe tematy: <em>Biologiczny i patologiczny sk\u0142ad p\u0142yn\u00f3w ustrojowych<\/em> oraz <em>Genetyczne menu<\/em> analiza jako\u015bciowa produkt\u00f3w spo\u017cywczych z u\u017cyciem technik molekularnych. Opiekunem projektu z ramienia szko\u0142y jest nauczycielka biologii ? Monika \u0141uczak<\/span><\/p>\n<p>&nbsp;<\/p>\n","protected":false},"excerpt":{"rendered":"<p>W miniony pi\u0105tek ju\u017c po raz si\u00f3dmy nasza szko\u0142a przystapi\u0142a do projektu organizowanego przez Zachodniopomorski Uniwersytet Technologiczny Licealista w \u015bwiecie nauki. Uczniowie klas II o profilu medycznym wzieli udzia\u0142 w uroczystej inauguracji, w trakcie kt\u00f3rej otrzymali indeksy umo\u017cliwiajace im branie udzia\u0142u w zaj\u0119ciach warsztatowych prowadzonych na uczelni. W tym roku realizowa\u0107 b\u0119dziemy dwa nowe tematy:&#8230;<\/p>\n","protected":false},"author":3,"featured_media":7559,"comment_status":"open","ping_status":"open","sticky":false,"template":"","format":"gallery","meta":{"_acf_changed":false,"_s2mail":"yes","footnotes":""},"categories":[360,358,359,365],"tags":[],"class_list":["post-7558","post","type-post","status-publish","format-gallery","has-post-thumbnail","hentry","category-dla-kandydatow","category-dla-rodzicow","category-dla-uczniow","category-galeria","post_format-post-format-gallery"],"acf":[],"_links":{"self":[{"href":"https:\/\/lo6.szczecin.pl\/index.php\/wp-json\/wp\/v2\/posts\/7558","targetHints":{"allow":["GET"]}}],"collection":[{"href":"https:\/\/lo6.szczecin.pl\/index.php\/wp-json\/wp\/v2\/posts"}],"about":[{"href":"https:\/\/lo6.szczecin.pl\/index.php\/wp-json\/wp\/v2\/types\/post"}],"author":[{"embeddable":true,"href":"https:\/\/lo6.szczecin.pl\/index.php\/wp-json\/wp\/v2\/users\/3"}],"replies":[{"embeddable":true,"href":"https:\/\/lo6.szczecin.pl\/index.php\/wp-json\/wp\/v2\/comments?post=7558"}],"version-history":[{"count":3,"href":"https:\/\/lo6.szczecin.pl\/index.php\/wp-json\/wp\/v2\/posts\/7558\/revisions"}],"predecessor-version":[{"id":7564,"href":"https:\/\/lo6.szczecin.pl\/index.php\/wp-json\/wp\/v2\/posts\/7558\/revisions\/7564"}],"wp:featuredmedia":[{"embeddable":true,"href":"https:\/\/lo6.szczecin.pl\/index.php\/wp-json\/wp\/v2\/media\/7559"}],"wp:attachment":[{"href":"https:\/\/lo6.szczecin.pl\/index.php\/wp-json\/wp\/v2\/media?parent=7558"}],"wp:term":[{"taxonomy":"category","embeddable":true,"href":"https:\/\/lo6.szczecin.pl\/index.php\/wp-json\/wp\/v2\/categories?post=7558"},{"taxonomy":"post_tag","embeddable":true,"href":"https:\/\/lo6.szczecin.pl\/index.php\/wp-json\/wp\/v2\/tags?post=7558"}],"curies":[{"name":"wp","href":"https:\/\/api.w.org\/{rel}","templated":true}]}}