{"id":7536,"date":"2019-02-11T12:10:08","date_gmt":"2019-02-11T11:10:08","guid":{"rendered":"http:\/\/lo6.szczecin.pl\/?p=7536"},"modified":"2019-02-11T12:10:46","modified_gmt":"2019-02-11T11:10:46","slug":"polsko-niemieckie-spotkanie-w-oswiecimiu","status":"publish","type":"post","link":"https:\/\/lo6.szczecin.pl\/index.php\/2019\/02\/11\/polsko-niemieckie-spotkanie-w-oswiecimiu\/","title":{"rendered":"Polsko-niemieckie spotkanie w O\u015bwi\u0119cimiu"},"content":{"rendered":"<p>Uczniowie VI LO wraz z kolegami z niemieckiej szko\u0142y Thomas-Morus-Schule Osnabr\u00fcck uczestniczyli w projekcie Tajemnic\u0105 pojednania jest pami\u0119\u0107, zorganizowanym\u00a0\u00a0\u00a0w Mi\u0119dzynarodowym Domu Spotka\u0144 M\u0142odzie\u017cy w O\u015bwi\u0119cimiu, w listopadzie 2018 r.<\/p>\n<p>Polscy i niemieccy uczniowie wraz z opiekunami przygotowywali si\u0119 do projektu poprzez udzia\u0142 w prelekcjach, warsztatach, spotkaniach ze \u015bwiadkami historii oraz na zaj\u0119ciach lekcyjnych.<\/p>\n<p>Celem tego spotkania by\u0142y uwra\u017cliwienie m\u0142odzie\u017cy na zachowania spo\u0142eczne prowadz\u0105ce do wykluczenia i przemocy, zwalczanie stereotyp\u00f3w, mo\u017cliwo\u015b\u0107 zrozumienia trudnych kart polskiej i niemieckiej historii.<\/p>\n<p>Dzi\u0119ki ciekawym zaj\u0119ciom uczestnicy spotkania poszerzyli swoj\u0105 wiedz\u0119 odno\u015bnie g\u0142\u00f3wnych wydarze\u0144 i tendencji w narodowej, europejskiej i \u015bwiatowej historii.<\/p>\n<p>Szczeg\u00f3lnym momentem w czasie realizacji projektu by\u0142a wsp\u00f3lna modlitwa pod pomnikiem ofiar obozu zag\u0142ady Auschwitz-Birkenau, kt\u00f3ra wywo\u0142a\u0142a wiele wzrusze\u0144 i g\u0142\u0119boko zapad\u0142a \u00a0w pami\u0119\u0107 uczestnik\u00f3w.<\/p>\n<p>M\u0142odzie\u017c obu kraj\u00f3w zgodnie podkre\u015bla\u0142a, \u017ce nie mo\u017cna dopu\u015bci\u0107 do powt\u00f3rzenia tragicznej historii Auschwitz.<\/p>\n<p>Podsumowaniem projektu b\u0119dzie wystawa zdj\u0119\u0107 ze spotkania oraz prezentacja multimedialna.<\/p>\n<p>Realizacja projektu nie by\u0142aby mo\u017cliwa bez merytorycznego i finansowego wsparcia Polsko-Niemieckiej Wymiany M\u0142odzie\u017cy w ramach programu <em>Zachowa\u0107 pami\u0119\u0107<\/em>.<\/p>\n<p>&nbsp;<\/p>\n<p>&nbsp;<\/p>\n<p>&nbsp;<\/p>\n","protected":false},"excerpt":{"rendered":"<p>Uczniowie VI LO wraz z kolegami z niemieckiej szko\u0142y Thomas-Morus-Schule Osnabr\u00fcck uczestniczyli w projekcie Tajemnic\u0105 pojednania jest pami\u0119\u0107, zorganizowanym\u00a0\u00a0\u00a0w Mi\u0119dzynarodowym Domu Spotka\u0144 M\u0142odzie\u017cy w O\u015bwi\u0119cimiu, w listopadzie 2018 r. Polscy i niemieccy uczniowie wraz z opiekunami przygotowywali si\u0119 do projektu poprzez udzia\u0142 w prelekcjach, warsztatach, spotkaniach ze \u015bwiadkami historii oraz na zaj\u0119ciach lekcyjnych. Celem tego&#8230;<\/p>\n","protected":false},"author":3,"featured_media":7539,"comment_status":"open","ping_status":"open","sticky":false,"template":"","format":"gallery","meta":{"_acf_changed":false,"_s2mail":"yes","footnotes":""},"categories":[360,358,359,365],"tags":[],"class_list":["post-7536","post","type-post","status-publish","format-gallery","has-post-thumbnail","hentry","category-dla-kandydatow","category-dla-rodzicow","category-dla-uczniow","category-galeria","post_format-post-format-gallery"],"acf":[],"_links":{"self":[{"href":"https:\/\/lo6.szczecin.pl\/index.php\/wp-json\/wp\/v2\/posts\/7536","targetHints":{"allow":["GET"]}}],"collection":[{"href":"https:\/\/lo6.szczecin.pl\/index.php\/wp-json\/wp\/v2\/posts"}],"about":[{"href":"https:\/\/lo6.szczecin.pl\/index.php\/wp-json\/wp\/v2\/types\/post"}],"author":[{"embeddable":true,"href":"https:\/\/lo6.szczecin.pl\/index.php\/wp-json\/wp\/v2\/users\/3"}],"replies":[{"embeddable":true,"href":"https:\/\/lo6.szczecin.pl\/index.php\/wp-json\/wp\/v2\/comments?post=7536"}],"version-history":[{"count":1,"href":"https:\/\/lo6.szczecin.pl\/index.php\/wp-json\/wp\/v2\/posts\/7536\/revisions"}],"predecessor-version":[{"id":7544,"href":"https:\/\/lo6.szczecin.pl\/index.php\/wp-json\/wp\/v2\/posts\/7536\/revisions\/7544"}],"wp:featuredmedia":[{"embeddable":true,"href":"https:\/\/lo6.szczecin.pl\/index.php\/wp-json\/wp\/v2\/media\/7539"}],"wp:attachment":[{"href":"https:\/\/lo6.szczecin.pl\/index.php\/wp-json\/wp\/v2\/media?parent=7536"}],"wp:term":[{"taxonomy":"category","embeddable":true,"href":"https:\/\/lo6.szczecin.pl\/index.php\/wp-json\/wp\/v2\/categories?post=7536"},{"taxonomy":"post_tag","embeddable":true,"href":"https:\/\/lo6.szczecin.pl\/index.php\/wp-json\/wp\/v2\/tags?post=7536"}],"curies":[{"name":"wp","href":"https:\/\/api.w.org\/{rel}","templated":true}]}}