{"id":7486,"date":"2019-01-15T12:09:10","date_gmt":"2019-01-15T11:09:10","guid":{"rendered":"http:\/\/lo6.szczecin.pl\/?p=7486"},"modified":"2019-01-15T12:21:48","modified_gmt":"2019-01-15T11:21:48","slug":"spotkania-z-prawem","status":"publish","type":"post","link":"https:\/\/lo6.szczecin.pl\/index.php\/2019\/01\/15\/spotkania-z-prawem\/","title":{"rendered":"Spotkania z prawem"},"content":{"rendered":"<blockquote>\n<div dir=\"ltr\">Od wrze\u015bnia tego roku szkolnego klasa humanistyczno- medialna, 2A bierze systematycznie udzia\u0142 w wyk\u0142adach o tematyce prawnej, prowadzonych przez radc\u0119 prawnego Bart\u0142omieja Tyndyka.<\/div>\n<div dir=\"ltr\">Zaj\u0119cia, kt\u00f3re odby\u0142y si\u0119 do tej pory mia\u0142y za zadanie podniesienie naszej wiedzy na temat naszych praw w kontek\u015bcie np. nabywania d\u00f3br. Dowiedzieli\u015bmy si\u0119 te\u017c wielu przydatnych informacji np. na temat tego, jak sprytnie sprzedawcy manipuluj\u0105 klientami, a tak\u017ce jak takowej manipulacji si\u0119 wystrzega\u0107. Ponadto klasa mia\u0142a szans\u0119 wzi\u0105\u0107 udzia\u0142 w inscenizacji rozprawy. Przebiega\u0142a ona tak, jak w rzeczywisto\u015bci spisano protok\u00f3\u0142, odby\u0142y si\u0119 przes\u0142uchania \u015bwiadk\u00f3w, a s\u0119dzia wraz z \u0142awnikami wydali wyrok w opraciu o kodeks karny. Uczniowie mieli przypisane role i ch\u0119tnie wcielili si\u0119 w oskar\u017conych, poszkodowanych, adwokat\u00f3w czy \u015bwiadk\u00f3w. Klasa humanistyczna w ciekawy, niecodzienny spos\u00f3b zdoby\u0142a wiedz\u0119 z zakresu prawa, oraz o pracy poszczeg\u00f3lnych pracownik\u00f3w s\u0105du.<\/div>\n<div dir=\"ltr\">Nast\u0119pne zaj\u0119cia po\u015bwi\u0119cone b\u0119d\u0105 kodeksowi pracy, co z pewno\u015bci\u0105 zaowocuje znajomo\u015bci\u0105 niezb\u0119dnych poj\u0119\u0107 potrzebnych do zawierania zgodnych z prawem i w\u0142asnymi oczekiwaniami um\u00f3w.<\/div>\n<\/blockquote>\n<p>Dominika Hajduk, klasa 2a<\/p>\n<div class=\"yj6qo\"><\/div>\n","protected":false},"excerpt":{"rendered":"<p>Od wrze\u015bnia tego roku szkolnego klasa humanistyczno- medialna, 2A bierze systematycznie udzia\u0142 w wyk\u0142adach o tematyce prawnej, prowadzonych przez radc\u0119 prawnego Bart\u0142omieja Tyndyka. Zaj\u0119cia, kt\u00f3re odby\u0142y si\u0119 do tej pory mia\u0142y za zadanie podniesienie naszej wiedzy na temat naszych praw w kontek\u015bcie np. nabywania d\u00f3br. Dowiedzieli\u015bmy si\u0119 te\u017c wielu przydatnych informacji np. na temat tego,&#8230;<\/p>\n","protected":false},"author":3,"featured_media":7489,"comment_status":"open","ping_status":"open","sticky":false,"template":"","format":"gallery","meta":{"_acf_changed":false,"_s2mail":"yes","footnotes":""},"categories":[358,359,365],"tags":[],"class_list":["post-7486","post","type-post","status-publish","format-gallery","has-post-thumbnail","hentry","category-dla-rodzicow","category-dla-uczniow","category-galeria","post_format-post-format-gallery"],"acf":[],"_links":{"self":[{"href":"https:\/\/lo6.szczecin.pl\/index.php\/wp-json\/wp\/v2\/posts\/7486","targetHints":{"allow":["GET"]}}],"collection":[{"href":"https:\/\/lo6.szczecin.pl\/index.php\/wp-json\/wp\/v2\/posts"}],"about":[{"href":"https:\/\/lo6.szczecin.pl\/index.php\/wp-json\/wp\/v2\/types\/post"}],"author":[{"embeddable":true,"href":"https:\/\/lo6.szczecin.pl\/index.php\/wp-json\/wp\/v2\/users\/3"}],"replies":[{"embeddable":true,"href":"https:\/\/lo6.szczecin.pl\/index.php\/wp-json\/wp\/v2\/comments?post=7486"}],"version-history":[{"count":1,"href":"https:\/\/lo6.szczecin.pl\/index.php\/wp-json\/wp\/v2\/posts\/7486\/revisions"}],"predecessor-version":[{"id":7493,"href":"https:\/\/lo6.szczecin.pl\/index.php\/wp-json\/wp\/v2\/posts\/7486\/revisions\/7493"}],"wp:featuredmedia":[{"embeddable":true,"href":"https:\/\/lo6.szczecin.pl\/index.php\/wp-json\/wp\/v2\/media\/7489"}],"wp:attachment":[{"href":"https:\/\/lo6.szczecin.pl\/index.php\/wp-json\/wp\/v2\/media?parent=7486"}],"wp:term":[{"taxonomy":"category","embeddable":true,"href":"https:\/\/lo6.szczecin.pl\/index.php\/wp-json\/wp\/v2\/categories?post=7486"},{"taxonomy":"post_tag","embeddable":true,"href":"https:\/\/lo6.szczecin.pl\/index.php\/wp-json\/wp\/v2\/tags?post=7486"}],"curies":[{"name":"wp","href":"https:\/\/api.w.org\/{rel}","templated":true}]}}