{"id":7432,"date":"2019-01-02T13:47:43","date_gmt":"2019-01-02T12:47:43","guid":{"rendered":"http:\/\/lo6.szczecin.pl\/?p=7432"},"modified":"2019-01-02T13:47:43","modified_gmt":"2019-01-02T12:47:43","slug":"turnieju-debat-mojaniepodlegla","status":"publish","type":"post","link":"https:\/\/lo6.szczecin.pl\/index.php\/2019\/01\/02\/turnieju-debat-mojaniepodlegla\/","title":{"rendered":"Turnieju Debat #mojaniepodleg\u0142a"},"content":{"rendered":"<div data-contents=\"true\">\n<div data-editor=\"be77l\" data-block=\"true\" data-offset-key=\"fn934-0-0\">\n<div class=\"_1mf _1mj\" data-offset-key=\"fn934-0-0\"><span data-offset-key=\"fn934-0-0\">Nasza reprezentacja w sk\u0142adzie: <\/span><\/div>\n<\/div>\n<div data-editor=\"be77l\" data-block=\"true\" data-offset-key=\"6d788-0-0\">\n<div class=\"_1mf _1mj\" data-offset-key=\"6d788-0-0\"><span data-offset-key=\"6d788-0-0\"> 1. Nikola Raczykowska<\/span><\/div>\n<\/div>\n<div data-editor=\"be77l\" data-block=\"true\" data-offset-key=\"d7ul-0-0\">\n<div class=\"_1mf _1mj\" data-offset-key=\"d7ul-0-0\"><span data-offset-key=\"d7ul-0-0\"> 2. Micha\u0142 Lachowicz<\/span><\/div>\n<\/div>\n<div data-editor=\"be77l\" data-block=\"true\" data-offset-key=\"992d4-0-0\">\n<div class=\"_1mf _1mj\" data-offset-key=\"992d4-0-0\"><span data-offset-key=\"992d4-0-0\"> 3. Magdalena Kogut<\/span><\/div>\n<\/div>\n<div data-editor=\"be77l\" data-block=\"true\" data-offset-key=\"8c2fi-0-0\">\n<div class=\"_1mf _1mj\" data-offset-key=\"8c2fi-0-0\"><span data-offset-key=\"8c2fi-0-0\"> 4. Izabela Mazur<\/span><\/div>\n<\/div>\n<div data-editor=\"be77l\" data-block=\"true\" data-offset-key=\"8cnua-0-0\"><\/div>\n<div data-editor=\"be77l\" data-block=\"true\" data-offset-key=\"8q4qj-0-0\">\n<div class=\"_1mf _1mj\" data-offset-key=\"8q4qj-0-0\"><span data-offset-key=\"8q4qj-0-0\">zaj\u0119\u0142a trzecie (w\u015br\u00f3d 32 dru\u017cyn) miejsce w og\u00f3lnopolskim turnieju debat <\/span><span class=\"_5zk7\" spellcheck=\"false\" data-offset-key=\"8q4qj-1-0\"><span data-offset-key=\"8q4qj-1-0\">#mojaniepodleg\u0142a<\/span><\/span><span data-offset-key=\"8q4qj-2-0\"> w Krakowie (6-8. 12. 2018).<\/span><\/div>\n<\/div>\n<div data-editor=\"be77l\" data-block=\"true\" data-offset-key=\"3f8li-0-0\"><\/div>\n<div data-editor=\"be77l\" data-block=\"true\" data-offset-key=\"8kk9n-0-0\">\n<div class=\"_1mf _1mj\" data-offset-key=\"8kk9n-0-0\"><span data-offset-key=\"8kk9n-0-0\">Gratulujemy.<\/span><\/div>\n<\/div>\n<\/div>\n","protected":false},"excerpt":{"rendered":"<p>Nasza reprezentacja w sk\u0142adzie: 1. Nikola Raczykowska 2. Micha\u0142 Lachowicz 3. Magdalena Kogut 4. Izabela Mazur zaj\u0119\u0142a trzecie (w\u015br\u00f3d 32 dru\u017cyn) miejsce w og\u00f3lnopolskim turnieju debat #mojaniepodleg\u0142a w Krakowie (6-8. 12. 2018). Gratulujemy.<\/p>\n","protected":false},"author":3,"featured_media":7437,"comment_status":"open","ping_status":"open","sticky":false,"template":"","format":"gallery","meta":{"_acf_changed":false,"_s2mail":"yes","footnotes":""},"categories":[360,358,359,365],"tags":[],"class_list":["post-7432","post","type-post","status-publish","format-gallery","has-post-thumbnail","hentry","category-dla-kandydatow","category-dla-rodzicow","category-dla-uczniow","category-galeria","post_format-post-format-gallery"],"acf":[],"_links":{"self":[{"href":"https:\/\/lo6.szczecin.pl\/index.php\/wp-json\/wp\/v2\/posts\/7432","targetHints":{"allow":["GET"]}}],"collection":[{"href":"https:\/\/lo6.szczecin.pl\/index.php\/wp-json\/wp\/v2\/posts"}],"about":[{"href":"https:\/\/lo6.szczecin.pl\/index.php\/wp-json\/wp\/v2\/types\/post"}],"author":[{"embeddable":true,"href":"https:\/\/lo6.szczecin.pl\/index.php\/wp-json\/wp\/v2\/users\/3"}],"replies":[{"embeddable":true,"href":"https:\/\/lo6.szczecin.pl\/index.php\/wp-json\/wp\/v2\/comments?post=7432"}],"version-history":[{"count":1,"href":"https:\/\/lo6.szczecin.pl\/index.php\/wp-json\/wp\/v2\/posts\/7432\/revisions"}],"predecessor-version":[{"id":7446,"href":"https:\/\/lo6.szczecin.pl\/index.php\/wp-json\/wp\/v2\/posts\/7432\/revisions\/7446"}],"wp:featuredmedia":[{"embeddable":true,"href":"https:\/\/lo6.szczecin.pl\/index.php\/wp-json\/wp\/v2\/media\/7437"}],"wp:attachment":[{"href":"https:\/\/lo6.szczecin.pl\/index.php\/wp-json\/wp\/v2\/media?parent=7432"}],"wp:term":[{"taxonomy":"category","embeddable":true,"href":"https:\/\/lo6.szczecin.pl\/index.php\/wp-json\/wp\/v2\/categories?post=7432"},{"taxonomy":"post_tag","embeddable":true,"href":"https:\/\/lo6.szczecin.pl\/index.php\/wp-json\/wp\/v2\/tags?post=7432"}],"curies":[{"name":"wp","href":"https:\/\/api.w.org\/{rel}","templated":true}]}}