{"id":7422,"date":"2018-12-10T09:20:43","date_gmt":"2018-12-10T08:20:43","guid":{"rendered":"http:\/\/lo6.szczecin.pl\/?p=7422"},"modified":"2018-12-11T13:50:48","modified_gmt":"2018-12-11T12:50:48","slug":"zebrania-z-rodzicami-9","status":"publish","type":"post","link":"https:\/\/lo6.szczecin.pl\/index.php\/2018\/12\/10\/zebrania-z-rodzicami-9\/","title":{"rendered":"Zebrania z Rodzicami"},"content":{"rendered":"<p>Dnia <strong>13 grudnia 2018 r<\/strong>. <strong>o godzinie 17:00<\/strong> odb\u0119d\u0105 si\u0119 zebrania z rodzicami uczni\u00f3w klas I, II i III.<\/p>\n<p>Zebrania rozpoczn\u0105 si\u0119 cz\u0119\u015bci\u0105 artystyczn\u0105 przygotowan\u0105 przez uczni\u00f3w klasy 2b2 w sali 20\/21.<\/p>\n<p><strong>Spotkania z wychowawcami planowane s\u0105 na godzin\u0119 17:30<\/strong> i b\u0119d\u0105 dotyczy\u0142y\u00a0osi\u0105gni\u0119\u0107 uczni\u00f3w oraz spraw bie\u017c\u0105cych.<\/p>\n<p><strong>Zebranie rady rodzic\u00f3w\u00a0&#8211; godz.16:00<\/strong>.<\/p>\n<p>Obecno\u015b\u0107 na zebraniach jest obowi\u0105zkowa.<\/p>\n","protected":false},"excerpt":{"rendered":"<p>Dnia 13 grudnia 2018 r. o godzinie 17:00 odb\u0119d\u0105 si\u0119 zebrania z rodzicami uczni\u00f3w klas I, II i III. Zebrania rozpoczn\u0105 si\u0119 cz\u0119\u015bci\u0105 artystyczn\u0105 przygotowan\u0105 przez uczni\u00f3w klasy 2b2 w sali 20\/21. Spotkania z wychowawcami planowane s\u0105 na godzin\u0119 17:30 i b\u0119d\u0105 dotyczy\u0142y\u00a0osi\u0105gni\u0119\u0107 uczni\u00f3w oraz spraw bie\u017c\u0105cych. Zebranie rady rodzic\u00f3w\u00a0&#8211; godz.16:00. Obecno\u015b\u0107 na zebraniach jest&#8230;<\/p>\n","protected":false},"author":3,"featured_media":0,"comment_status":"open","ping_status":"open","sticky":false,"template":"","format":"standard","meta":{"_acf_changed":false,"_s2mail":"yes","footnotes":""},"categories":[1],"tags":[],"class_list":["post-7422","post","type-post","status-publish","format-standard","hentry","category-bez-kategorii"],"acf":[],"_links":{"self":[{"href":"https:\/\/lo6.szczecin.pl\/index.php\/wp-json\/wp\/v2\/posts\/7422","targetHints":{"allow":["GET"]}}],"collection":[{"href":"https:\/\/lo6.szczecin.pl\/index.php\/wp-json\/wp\/v2\/posts"}],"about":[{"href":"https:\/\/lo6.szczecin.pl\/index.php\/wp-json\/wp\/v2\/types\/post"}],"author":[{"embeddable":true,"href":"https:\/\/lo6.szczecin.pl\/index.php\/wp-json\/wp\/v2\/users\/3"}],"replies":[{"embeddable":true,"href":"https:\/\/lo6.szczecin.pl\/index.php\/wp-json\/wp\/v2\/comments?post=7422"}],"version-history":[{"count":4,"href":"https:\/\/lo6.szczecin.pl\/index.php\/wp-json\/wp\/v2\/posts\/7422\/revisions"}],"predecessor-version":[{"id":7428,"href":"https:\/\/lo6.szczecin.pl\/index.php\/wp-json\/wp\/v2\/posts\/7422\/revisions\/7428"}],"wp:attachment":[{"href":"https:\/\/lo6.szczecin.pl\/index.php\/wp-json\/wp\/v2\/media?parent=7422"}],"wp:term":[{"taxonomy":"category","embeddable":true,"href":"https:\/\/lo6.szczecin.pl\/index.php\/wp-json\/wp\/v2\/categories?post=7422"},{"taxonomy":"post_tag","embeddable":true,"href":"https:\/\/lo6.szczecin.pl\/index.php\/wp-json\/wp\/v2\/tags?post=7422"}],"curies":[{"name":"wp","href":"https:\/\/api.w.org\/{rel}","templated":true}]}}