{"id":7392,"date":"2018-11-20T09:04:57","date_gmt":"2018-11-20T08:04:57","guid":{"rendered":"http:\/\/lo6.szczecin.pl\/?p=7392"},"modified":"2018-11-21T12:21:48","modified_gmt":"2018-11-21T11:21:48","slug":"rok-dla-niepodleglej-w-vi-lo-klub-debat-w-zmaganiach-debatanckich","status":"publish","type":"post","link":"https:\/\/lo6.szczecin.pl\/index.php\/2018\/11\/20\/rok-dla-niepodleglej-w-vi-lo-klub-debat-w-zmaganiach-debatanckich\/","title":{"rendered":"ROK DLA NIEPODLEG\u0141EJ W VI LO &#8211; Klub Debat w zmaganiach debatanckich"},"content":{"rendered":"<p>Ponad rok temu m\u0142odzie\u017c VI LO, nale\u017c\u0105ca do klubu debat zainicjowa\u0142a obchody stulecia zajmuj\u0105c pierwsze miejsce w szczeci\u0144skim turnieju debat oksfordzkich (Szczecin 10.11.2017 r.). Opr\u00f3cz tego nasi uczniowie wzi\u0119li udzia\u0142 w r\u00f3\u017cnych konkursach o tematyce niepodleg\u0142o\u015bciowej (Turniej Debat Historycznych IPN w Szczecinie (27-28.02. 2018 r.), Turniej Debat Oksfordzkich o Tematyce Spo\u0142eczno-Prawnej fundacji Court Watch w Warszawie (9.06.2018 r. ? II miejsce). Dodatkowo m\u0142odzie\u017c VI LO spotyka\u0142a si\u0119 (i nadal spotyka) cotygodniowo na\u00a0 debatach wewn\u0105trzszkolnych, a dyskutowane tematy oczywi\u015bcie dotyczy\u0142y lub nawi\u0105zywa\u0142y do kwestii tegorocznej, okr\u0105g\u0142ej rocznicy.<\/p>\n<p>Ukoronowaniem Roku Dla Niepodleg\u0142ej planujemy uczyni\u0107 trzy konkursy debatanckie o tematyce niepodleg\u0142o\u015bciowej. Pierwszy z nich organizuje IPN w Krakowie (grudzie\u0144 2018), drugi &#8211; ZSEE w Szczecinie (grudzie\u0144 2018), natomiast trzeci &#8211; IPN w Szczecinie (luty 2019).<\/p>\n","protected":false},"excerpt":{"rendered":"<p>Ponad rok temu m\u0142odzie\u017c VI LO, nale\u017c\u0105ca do klubu debat zainicjowa\u0142a obchody stulecia zajmuj\u0105c pierwsze miejsce w szczeci\u0144skim turnieju debat oksfordzkich (Szczecin 10.11.2017 r.). Opr\u00f3cz tego nasi uczniowie wzi\u0119li udzia\u0142 w r\u00f3\u017cnych konkursach o tematyce niepodleg\u0142o\u015bciowej (Turniej Debat Historycznych IPN w Szczecinie (27-28.02. 2018 r.), Turniej Debat Oksfordzkich o Tematyce Spo\u0142eczno-Prawnej fundacji Court Watch w&#8230;<\/p>\n","protected":false},"author":3,"featured_media":7396,"comment_status":"open","ping_status":"open","sticky":false,"template":"","format":"gallery","meta":{"_acf_changed":false,"_s2mail":"yes","footnotes":""},"categories":[360,358,359,365],"tags":[],"class_list":["post-7392","post","type-post","status-publish","format-gallery","has-post-thumbnail","hentry","category-dla-kandydatow","category-dla-rodzicow","category-dla-uczniow","category-galeria","post_format-post-format-gallery"],"acf":[],"_links":{"self":[{"href":"https:\/\/lo6.szczecin.pl\/index.php\/wp-json\/wp\/v2\/posts\/7392","targetHints":{"allow":["GET"]}}],"collection":[{"href":"https:\/\/lo6.szczecin.pl\/index.php\/wp-json\/wp\/v2\/posts"}],"about":[{"href":"https:\/\/lo6.szczecin.pl\/index.php\/wp-json\/wp\/v2\/types\/post"}],"author":[{"embeddable":true,"href":"https:\/\/lo6.szczecin.pl\/index.php\/wp-json\/wp\/v2\/users\/3"}],"replies":[{"embeddable":true,"href":"https:\/\/lo6.szczecin.pl\/index.php\/wp-json\/wp\/v2\/comments?post=7392"}],"version-history":[{"count":2,"href":"https:\/\/lo6.szczecin.pl\/index.php\/wp-json\/wp\/v2\/posts\/7392\/revisions"}],"predecessor-version":[{"id":7402,"href":"https:\/\/lo6.szczecin.pl\/index.php\/wp-json\/wp\/v2\/posts\/7392\/revisions\/7402"}],"wp:featuredmedia":[{"embeddable":true,"href":"https:\/\/lo6.szczecin.pl\/index.php\/wp-json\/wp\/v2\/media\/7396"}],"wp:attachment":[{"href":"https:\/\/lo6.szczecin.pl\/index.php\/wp-json\/wp\/v2\/media?parent=7392"}],"wp:term":[{"taxonomy":"category","embeddable":true,"href":"https:\/\/lo6.szczecin.pl\/index.php\/wp-json\/wp\/v2\/categories?post=7392"},{"taxonomy":"post_tag","embeddable":true,"href":"https:\/\/lo6.szczecin.pl\/index.php\/wp-json\/wp\/v2\/tags?post=7392"}],"curies":[{"name":"wp","href":"https:\/\/api.w.org\/{rel}","templated":true}]}}