{"id":7385,"date":"2018-11-15T08:28:34","date_gmt":"2018-11-15T07:28:34","guid":{"rendered":"http:\/\/lo6.szczecin.pl\/?p=7385"},"modified":"2018-11-15T08:28:34","modified_gmt":"2018-11-15T07:28:34","slug":"i-miejsce-w-xiv-edycji-konkursu-parnas","status":"publish","type":"post","link":"https:\/\/lo6.szczecin.pl\/index.php\/2018\/11\/15\/i-miejsce-w-xiv-edycji-konkursu-parnas\/","title":{"rendered":"I miejsce w XIV edycji konkursu Parnas"},"content":{"rendered":"<p>Z przyjemno\u015bci\u0105 informujemy, i\u017c ucze\u0144 klasy ID ? J\u0119drzej Kleszcz ? zdoby\u0142 I miejsce w XIV edycji konkursu recytatorskiego <em>Szczeci\u0144ski Parnas<\/em>, w kategorii szk\u00f3\u0142 ponadpodstawowych. <em>Szczeci\u0144ski Parnas<\/em> to wpisuj\u0105cy si\u0119 ju\u017c w tradycje naszego miasta konkurs organizowany przez SNaP pod patronatem Urz\u0119du Miasta i\u00a0Kuratorium. Uczestnicy prezentuj\u0105 wybrane przez siebie utwory na deskach Teatru Polskiego, a w jury, opr\u00f3cz polonist\u00f3w, zasiadaj\u0105 przedstawiciele Zwi\u0105zku Literat\u00f3w Polskich.<\/p>\n<p>J\u0119drek fantastycznie zaprezentowa\u0142 przed szerok\u0105 publiczno\u015bci\u0105 dwa wiersze: <em>Betonowy \u015bwiat<\/em> Ma\u0142gorzaty Goludy oraz <em>Pro\u015bb\u0119<\/em> Zbigniewa Jahnza.<\/p>\n<p>Gratulujemy i \u017cyczymy dalszych sukces\u00f3w!<\/p>\n","protected":false},"excerpt":{"rendered":"<p>Z przyjemno\u015bci\u0105 informujemy, i\u017c ucze\u0144 klasy ID ? J\u0119drzej Kleszcz ? zdoby\u0142 I miejsce w XIV edycji konkursu recytatorskiego Szczeci\u0144ski Parnas, w kategorii szk\u00f3\u0142 ponadpodstawowych. Szczeci\u0144ski Parnas to wpisuj\u0105cy si\u0119 ju\u017c w tradycje naszego miasta konkurs organizowany przez SNaP pod patronatem Urz\u0119du Miasta i\u00a0Kuratorium. Uczestnicy prezentuj\u0105 wybrane przez siebie utwory na deskach Teatru Polskiego, a&#8230;<\/p>\n","protected":false},"author":3,"featured_media":7386,"comment_status":"open","ping_status":"open","sticky":false,"template":"","format":"gallery","meta":{"_acf_changed":false,"_s2mail":"yes","footnotes":""},"categories":[360,358,359,365],"tags":[],"class_list":["post-7385","post","type-post","status-publish","format-gallery","has-post-thumbnail","hentry","category-dla-kandydatow","category-dla-rodzicow","category-dla-uczniow","category-galeria","post_format-post-format-gallery"],"acf":[],"_links":{"self":[{"href":"https:\/\/lo6.szczecin.pl\/index.php\/wp-json\/wp\/v2\/posts\/7385","targetHints":{"allow":["GET"]}}],"collection":[{"href":"https:\/\/lo6.szczecin.pl\/index.php\/wp-json\/wp\/v2\/posts"}],"about":[{"href":"https:\/\/lo6.szczecin.pl\/index.php\/wp-json\/wp\/v2\/types\/post"}],"author":[{"embeddable":true,"href":"https:\/\/lo6.szczecin.pl\/index.php\/wp-json\/wp\/v2\/users\/3"}],"replies":[{"embeddable":true,"href":"https:\/\/lo6.szczecin.pl\/index.php\/wp-json\/wp\/v2\/comments?post=7385"}],"version-history":[{"count":1,"href":"https:\/\/lo6.szczecin.pl\/index.php\/wp-json\/wp\/v2\/posts\/7385\/revisions"}],"predecessor-version":[{"id":7388,"href":"https:\/\/lo6.szczecin.pl\/index.php\/wp-json\/wp\/v2\/posts\/7385\/revisions\/7388"}],"wp:featuredmedia":[{"embeddable":true,"href":"https:\/\/lo6.szczecin.pl\/index.php\/wp-json\/wp\/v2\/media\/7386"}],"wp:attachment":[{"href":"https:\/\/lo6.szczecin.pl\/index.php\/wp-json\/wp\/v2\/media?parent=7385"}],"wp:term":[{"taxonomy":"category","embeddable":true,"href":"https:\/\/lo6.szczecin.pl\/index.php\/wp-json\/wp\/v2\/categories?post=7385"},{"taxonomy":"post_tag","embeddable":true,"href":"https:\/\/lo6.szczecin.pl\/index.php\/wp-json\/wp\/v2\/tags?post=7385"}],"curies":[{"name":"wp","href":"https:\/\/api.w.org\/{rel}","templated":true}]}}