{"id":7359,"date":"2018-11-09T15:14:50","date_gmt":"2018-11-09T14:14:50","guid":{"rendered":"http:\/\/lo6.szczecin.pl\/?p=7359"},"modified":"2018-11-15T08:30:47","modified_gmt":"2018-11-15T07:30:47","slug":"100-lecie-niepodleglej","status":"publish","type":"post","link":"https:\/\/lo6.szczecin.pl\/index.php\/2018\/11\/09\/100-lecie-niepodleglej\/","title":{"rendered":"100-lecie Niepodleg\u0142ej"},"content":{"rendered":"<div data-editor=\"4mbcc\" data-block=\"true\" data-offset-key=\"dg3eb-0-0\">\n<div class=\"_1mf _1mj\" data-offset-key=\"dg3eb-0-0\"><span data-offset-key=\"dg3eb-0-0\">Dziesiejsze obchody 100-lecia Niepodleg\u0142ej sk\u0142ada\u0142y si\u0119 z:<\/span><\/div>\n<\/div>\n<div data-editor=\"4mbcc\" data-block=\"true\" data-offset-key=\"806n6-0-0\"><\/div>\n<div data-editor=\"4mbcc\" data-block=\"true\" data-offset-key=\"bvo9b-0-0\">\n<div class=\"_1mf _1mj\" data-offset-key=\"bvo9b-0-0\"><span data-offset-key=\"bvo9b-0-0\">1. Akademii prowadzonej przez uczni\u00f3w klasy 2b2 i przygotowanej przez p. Teres\u0119 Witkiewicz, podczas kt\u00f3rej Pani Dyrektor Bo\u017cena Ulchurska-Jackowska przekaza\u0142a wszystkim zgromadzonym: <\/span><\/div>\n<\/div>\n<div data-editor=\"4mbcc\" data-block=\"true\" data-offset-key=\"dsr56-0-0\"><\/div>\n<div data-editor=\"4mbcc\" data-block=\"true\" data-offset-key=\"3n90p-0-0\">\n<div class=\"_1mf _1mj\" data-offset-key=\"3n90p-0-0\"><span data-offset-key=\"3n90p-0-0\">&#8220;&#8230;Dzisiejsze uroczysto\u015bci z udzia\u0142em wszystkich uczni\u00f3w, nauczycieli, rodzic\u00f3w i pracownik\u00f3w szko\u0142y s\u0105 zwie\u0144czeniem obchod\u00f3w stulecia odzyskania przez Polsk\u0119 niepodleg\u0142o\u015bci w naszym liceum\u00a0 -szczeci\u0144skiej Sz\u00f3stce.<\/span><\/div>\n<\/div>\n<div data-editor=\"4mbcc\" data-block=\"true\" data-offset-key=\"3bsli-0-0\">\n<div class=\"_1mf _1mj\" data-offset-key=\"3bsli-0-0\"><span data-offset-key=\"3bsli-0-0\">Od najdawniejszych lat szko\u0142a mia\u0142a wp\u0142yw na kszta\u0142towanie pa\u0144stwowo\u015bci i narodowej przynale\u017cno\u015bci, budowa\u0142a i rozwija\u0142a poczucie patriotyzmu oraz troski o w\u0142asne pa\u0144stwo.<\/span><\/div>\n<\/div>\n<div data-editor=\"4mbcc\" data-block=\"true\" data-offset-key=\"1peno-0-0\">\n<div class=\"_1mf _1mj\" data-offset-key=\"1peno-0-0\"><span data-offset-key=\"1peno-0-0\">Przygotowuj\u0105c si\u0119 do dzisiejszego spotkania z Wami\u00a0&#8211; Uczniami, zastanawia\u0142am si\u0119 na jakie wydarzenia z naszej historii wskaza\u0107 jako najwa\u017cniejsze, najbardziej zapadaj\u0105ce w pami\u0119\u0107 i w serce. <\/span><\/div>\n<\/div>\n<div data-editor=\"4mbcc\" data-block=\"true\" data-offset-key=\"5h2lb-0-0\">\n<div class=\"_1mf _1mj\" data-offset-key=\"5h2lb-0-0\"><span data-offset-key=\"5h2lb-0-0\">Jak w kilku minutach odnie\u015b\u0107 si\u0119 do stu lat niepodleg\u0142ej Polski w kontek\u015bcie ponad tysi\u0105cletniej historii naszego kraju?<\/span><\/div>\n<\/div>\n<div data-editor=\"4mbcc\" data-block=\"true\" data-offset-key=\"dfh3g-0-0\">\n<div class=\"_1mf _1mj\" data-offset-key=\"dfh3g-0-0\"><span data-offset-key=\"dfh3g-0-0\">Historii pisanej bohaterstwem minionych zdarze\u0144, literatur\u0105, sztuk\u0105, ale przede wszystkim codzienn\u0105 prac\u0105 kolejnych pokole\u0144 zwyk\u0142ych ludzi.<\/span><\/div>\n<\/div>\n<div data-editor=\"4mbcc\" data-block=\"true\" data-offset-key=\"3h97a-0-0\">\n<div class=\"_1mf _1mj\" data-offset-key=\"3h97a-0-0\"><span data-offset-key=\"3h97a-0-0\">Pomoc odnalaz\u0142am w poezji i muzyce Marka Grechuty w jego utworze &#8211; OJCZYZNA, kt\u00f3ry jest zobrazowaniem my\u015bli przewodniej naszej szkolnej rzeczywisto\u015bci, \u017ce m\u0142odym ludziom trzeba da\u0107 korzenie i skrzyd\u0142a. <\/span><\/div>\n<\/div>\n<div data-editor=\"4mbcc\" data-block=\"true\" data-offset-key=\"f1p38-0-0\">\n<div class=\"_1mf _1mj\" data-offset-key=\"f1p38-0-0\"><span data-offset-key=\"f1p38-0-0\">Korzenie, czyli histori\u0119, tradycje, hierarchi\u0119 warto\u015bci <\/span><\/div>\n<\/div>\n<div data-editor=\"4mbcc\" data-block=\"true\" data-offset-key=\"8d3js-0-0\">\n<div class=\"_1mf _1mj\" data-offset-key=\"8d3js-0-0\"><span data-offset-key=\"8d3js-0-0\">i skrzyd\u0142a, czyli prawo do wolno\u015bci, do decyzji i do samodzielno\u015bci.<\/span><\/div>\n<\/div>\n<div data-editor=\"4mbcc\" data-block=\"true\" data-offset-key=\"ao5k0-0-0\">\n<div class=\"_1mf _1mj\" data-offset-key=\"ao5k0-0-0\"><span data-offset-key=\"ao5k0-0-0\">Zapraszam do wsp\u00f3lnego pos\u0142uchania i refleksji &#8230;&#8221;<\/span><\/div>\n<\/div>\n<div data-editor=\"4mbcc\" data-block=\"true\" data-offset-key=\"fuskr-0-0\"><\/div>\n<div data-editor=\"4mbcc\" data-block=\"true\" data-offset-key=\"3d3hh-0-0\">\n<div class=\"_1mf _1mj\" data-offset-key=\"3d3hh-0-0\"><span data-offset-key=\"3d3hh-0-0\">2. Wsp\u00f3lnego od\u015bpiewania Hymnu Polski w ramach akcji Rekord dla Niepodleg\u0142ej<\/span><\/div>\n<\/div>\n<div data-editor=\"4mbcc\" data-block=\"true\" data-offset-key=\"etcli-0-0\"><\/div>\n<div data-editor=\"4mbcc\" data-block=\"true\" data-offset-key=\"b0dvh-0-0\">\n<div class=\"_1mf _1mj\" data-offset-key=\"b0dvh-0-0\"><span data-offset-key=\"b0dvh-0-0\">3.\u00a0Wsp\u00f3lnym wypuszczeniu bia\u0142ych i czerwonych balon\u00f3w.<\/span><\/div>\n<\/div>\n<div data-editor=\"4mbcc\" data-block=\"true\" data-offset-key=\"ddv1-0-0\"><\/div>\n<div data-editor=\"4mbcc\" data-block=\"true\" data-offset-key=\"7rt2i-0-0\">\n<div class=\"_1mf _1mj\" data-offset-key=\"7rt2i-0-0\"><span data-offset-key=\"7rt2i-0-0\">4. Pocz\u0119stunku przygotowanego przez Rad\u0119 Rodzic\u00f3w w postaci ogromnego torta.<\/span><\/div>\n<\/div>\n","protected":false},"excerpt":{"rendered":"<p>Dziesiejsze obchody 100-lecia Niepodleg\u0142ej sk\u0142ada\u0142y si\u0119 z: 1. Akademii prowadzonej przez uczni\u00f3w klasy 2b2 i przygotowanej przez p. Teres\u0119 Witkiewicz, podczas kt\u00f3rej Pani Dyrektor Bo\u017cena Ulchurska-Jackowska przekaza\u0142a wszystkim zgromadzonym: &#8220;&#8230;Dzisiejsze uroczysto\u015bci z udzia\u0142em wszystkich uczni\u00f3w, nauczycieli, rodzic\u00f3w i pracownik\u00f3w szko\u0142y s\u0105 zwie\u0144czeniem obchod\u00f3w stulecia odzyskania przez Polsk\u0119 niepodleg\u0142o\u015bci w naszym liceum\u00a0 -szczeci\u0144skiej Sz\u00f3stce. Od najdawniejszych&#8230;<\/p>\n","protected":false},"author":3,"featured_media":7363,"comment_status":"open","ping_status":"open","sticky":false,"template":"","format":"gallery","meta":{"_acf_changed":false,"_s2mail":"yes","footnotes":""},"categories":[358,359,365],"tags":[],"class_list":["post-7359","post","type-post","status-publish","format-gallery","has-post-thumbnail","hentry","category-dla-rodzicow","category-dla-uczniow","category-galeria","post_format-post-format-gallery"],"acf":[],"_links":{"self":[{"href":"https:\/\/lo6.szczecin.pl\/index.php\/wp-json\/wp\/v2\/posts\/7359","targetHints":{"allow":["GET"]}}],"collection":[{"href":"https:\/\/lo6.szczecin.pl\/index.php\/wp-json\/wp\/v2\/posts"}],"about":[{"href":"https:\/\/lo6.szczecin.pl\/index.php\/wp-json\/wp\/v2\/types\/post"}],"author":[{"embeddable":true,"href":"https:\/\/lo6.szczecin.pl\/index.php\/wp-json\/wp\/v2\/users\/3"}],"replies":[{"embeddable":true,"href":"https:\/\/lo6.szczecin.pl\/index.php\/wp-json\/wp\/v2\/comments?post=7359"}],"version-history":[{"count":5,"href":"https:\/\/lo6.szczecin.pl\/index.php\/wp-json\/wp\/v2\/posts\/7359\/revisions"}],"predecessor-version":[{"id":7389,"href":"https:\/\/lo6.szczecin.pl\/index.php\/wp-json\/wp\/v2\/posts\/7359\/revisions\/7389"}],"wp:featuredmedia":[{"embeddable":true,"href":"https:\/\/lo6.szczecin.pl\/index.php\/wp-json\/wp\/v2\/media\/7363"}],"wp:attachment":[{"href":"https:\/\/lo6.szczecin.pl\/index.php\/wp-json\/wp\/v2\/media?parent=7359"}],"wp:term":[{"taxonomy":"category","embeddable":true,"href":"https:\/\/lo6.szczecin.pl\/index.php\/wp-json\/wp\/v2\/categories?post=7359"},{"taxonomy":"post_tag","embeddable":true,"href":"https:\/\/lo6.szczecin.pl\/index.php\/wp-json\/wp\/v2\/tags?post=7359"}],"curies":[{"name":"wp","href":"https:\/\/api.w.org\/{rel}","templated":true}]}}