{"id":7339,"date":"2018-10-26T09:24:56","date_gmt":"2018-10-26T07:24:56","guid":{"rendered":"http:\/\/lo6.szczecin.pl\/?p=7339"},"modified":"2018-11-07T12:43:04","modified_gmt":"2018-11-07T11:43:04","slug":"zaduszki-nauczycielski","status":"publish","type":"post","link":"https:\/\/lo6.szczecin.pl\/index.php\/2018\/10\/26\/zaduszki-nauczycielski\/","title":{"rendered":"Zaduszki Nauczycielski"},"content":{"rendered":"<p>Po raz kolejny uczniowie naszej szko\u0142y wspominali zmar\u0142ych nauczycieli.<\/p>\n<p><img loading=\"lazy\" decoding=\"async\" class=\"alignnone size-medium wp-image-7348\" src=\"http:\/\/lo6.szczecin.pl\/wp-content\/uploads\/2018\/10\/z1-300x201.jpg\" alt=\"\" width=\"300\" height=\"201\" srcset=\"https:\/\/lo6.szczecin.pl\/wp-content\/uploads\/2018\/10\/z1-300x201.jpg 300w, https:\/\/lo6.szczecin.pl\/wp-content\/uploads\/2018\/10\/z1.jpg 646w\" sizes=\"auto, (max-width: 300px) 100vw, 300px\" \/><\/p>\n<p>W ko\u015bciele \u015bw. A. Boboli przy ulicy Pocztowej by\u0142a msza \u015bwi\u0119ta za zmar\u0142ych nauczycieli, a po niej monta\u017c s\u0142owno- muzyczny przygotowany przez uczni\u00f3w klasy IIb2. Ca\u0142o\u015b\u0107 u\u015bwietni\u0142 \u015bpiew ch\u00f3ru nauczycielskiego prowadzonego przez ksi\u0119dza Zbigniewa Nowaka.<\/p>\n<p><img loading=\"lazy\" decoding=\"async\" class=\"alignnone size-medium wp-image-7349\" src=\"http:\/\/lo6.szczecin.pl\/wp-content\/uploads\/2018\/10\/z2-300x183.jpg\" alt=\"\" width=\"300\" height=\"183\" srcset=\"https:\/\/lo6.szczecin.pl\/wp-content\/uploads\/2018\/10\/z2-300x183.jpg 300w, https:\/\/lo6.szczecin.pl\/wp-content\/uploads\/2018\/10\/z2.jpg 559w\" sizes=\"auto, (max-width: 300px) 100vw, 300px\" \/><\/p>\n<p>&nbsp;<\/p>\n<p><img loading=\"lazy\" decoding=\"async\" class=\"alignnone size-medium wp-image-7341\" src=\"http:\/\/lo6.szczecin.pl\/wp-content\/uploads\/2018\/10\/zaduszki_2018-212x300.jpg\" alt=\"\" width=\"212\" height=\"300\" srcset=\"https:\/\/lo6.szczecin.pl\/wp-content\/uploads\/2018\/10\/zaduszki_2018-212x300.jpg 212w, https:\/\/lo6.szczecin.pl\/wp-content\/uploads\/2018\/10\/zaduszki_2018.jpg 667w\" sizes=\"auto, (max-width: 212px) 100vw, 212px\" \/><\/p>\n","protected":false},"excerpt":{"rendered":"<p>Po raz kolejny uczniowie naszej szko\u0142y wspominali zmar\u0142ych nauczycieli. W ko\u015bciele \u015bw. A. Boboli przy ulicy Pocztowej by\u0142a msza \u015bwi\u0119ta za zmar\u0142ych nauczycieli, a po niej monta\u017c s\u0142owno- muzyczny przygotowany przez uczni\u00f3w klasy IIb2. Ca\u0142o\u015b\u0107 u\u015bwietni\u0142 \u015bpiew ch\u00f3ru nauczycielskiego prowadzonego przez ksi\u0119dza Zbigniewa Nowaka. &nbsp;<\/p>\n","protected":false},"author":3,"featured_media":7340,"comment_status":"open","ping_status":"open","sticky":false,"template":"","format":"gallery","meta":{"_acf_changed":false,"_s2mail":"yes","footnotes":""},"categories":[1],"tags":[],"class_list":["post-7339","post","type-post","status-publish","format-gallery","has-post-thumbnail","hentry","category-bez-kategorii","post_format-post-format-gallery"],"acf":[],"_links":{"self":[{"href":"https:\/\/lo6.szczecin.pl\/index.php\/wp-json\/wp\/v2\/posts\/7339","targetHints":{"allow":["GET"]}}],"collection":[{"href":"https:\/\/lo6.szczecin.pl\/index.php\/wp-json\/wp\/v2\/posts"}],"about":[{"href":"https:\/\/lo6.szczecin.pl\/index.php\/wp-json\/wp\/v2\/types\/post"}],"author":[{"embeddable":true,"href":"https:\/\/lo6.szczecin.pl\/index.php\/wp-json\/wp\/v2\/users\/3"}],"replies":[{"embeddable":true,"href":"https:\/\/lo6.szczecin.pl\/index.php\/wp-json\/wp\/v2\/comments?post=7339"}],"version-history":[{"count":3,"href":"https:\/\/lo6.szczecin.pl\/index.php\/wp-json\/wp\/v2\/posts\/7339\/revisions"}],"predecessor-version":[{"id":7350,"href":"https:\/\/lo6.szczecin.pl\/index.php\/wp-json\/wp\/v2\/posts\/7339\/revisions\/7350"}],"wp:featuredmedia":[{"embeddable":true,"href":"https:\/\/lo6.szczecin.pl\/index.php\/wp-json\/wp\/v2\/media\/7340"}],"wp:attachment":[{"href":"https:\/\/lo6.szczecin.pl\/index.php\/wp-json\/wp\/v2\/media?parent=7339"}],"wp:term":[{"taxonomy":"category","embeddable":true,"href":"https:\/\/lo6.szczecin.pl\/index.php\/wp-json\/wp\/v2\/categories?post=7339"},{"taxonomy":"post_tag","embeddable":true,"href":"https:\/\/lo6.szczecin.pl\/index.php\/wp-json\/wp\/v2\/tags?post=7339"}],"curies":[{"name":"wp","href":"https:\/\/api.w.org\/{rel}","templated":true}]}}