{"id":7322,"date":"2018-09-28T09:03:19","date_gmt":"2018-09-28T07:03:19","guid":{"rendered":"http:\/\/lo6.szczecin.pl\/?p=7322"},"modified":"2018-10-31T13:01:55","modified_gmt":"2018-10-31T12:01:55","slug":"turniej-debat-w-krakowie-wrzesien-2018","status":"publish","type":"post","link":"https:\/\/lo6.szczecin.pl\/index.php\/2018\/09\/28\/turniej-debat-w-krakowie-wrzesien-2018\/","title":{"rendered":"Turniej Debat  w Krakowie &#8211; 10-11 pa\u017adziernika 2018"},"content":{"rendered":"<p>W dniach 10-12 pa\u017adziernika w Krakowie odby\u0142 si\u0119 turniej debat oksfordzkich Veritatis et Rationis, zorganizowany przez Instytut Dialogu Mi\u0119dzykulturowego im. Jana Paw\u0142a II. Dyskutowane tezy zwi\u0105zane by\u0142y z etyk\u0105, religi\u0105 oraz przesz\u0142o\u015bci\u0105 i tera\u017aniejszo\u015bci\u0105 Polski.\u00a0 W turnieju wzi\u0119\u0142o udzia\u0142 38 dru\u017cyn z ca\u0142ej Polski. Reprezentacja naszego Liceum, w sk\u0142adzie: Izabela Mazur, Micha\u0142 Lachowicz, Magdalena Kogut, Nikola Raczykowska, wysz\u0142a z fazy grupowej (pokonuj\u0105c licea z Torunia i Olsztyna), by na nast\u0119pnym etapie ust\u0105pi\u0107 pola renomowanemu XIV LO z Warszawy (im. S. Staszica). Przy okazji debat nasz zesp\u00f3\u0142 nie tylko zyska\u0142 do\u015bwiadczenie, ale i zwiedzi\u0142 spor\u0105 cz\u0119\u015b\u0107 Krakowa.\u00a0 Polecam.<\/p>\n<p>Nikola Raczykowska (kl. 2a)<\/p>\n","protected":false},"excerpt":{"rendered":"<p>W dniach 10-12 pa\u017adziernika w Krakowie odby\u0142 si\u0119 turniej debat oksfordzkich Veritatis et Rationis, zorganizowany przez Instytut Dialogu Mi\u0119dzykulturowego im. Jana Paw\u0142a II. Dyskutowane tezy zwi\u0105zane by\u0142y z etyk\u0105, religi\u0105 oraz przesz\u0142o\u015bci\u0105 i tera\u017aniejszo\u015bci\u0105 Polski.\u00a0 W turnieju wzi\u0119\u0142o udzia\u0142 38 dru\u017cyn z ca\u0142ej Polski. Reprezentacja naszego Liceum, w sk\u0142adzie: Izabela Mazur, Micha\u0142 Lachowicz, Magdalena Kogut,&#8230;<\/p>\n","protected":false},"author":3,"featured_media":7327,"comment_status":"open","ping_status":"open","sticky":false,"template":"","format":"gallery","meta":{"_acf_changed":false,"_s2mail":"yes","footnotes":""},"categories":[360,358,359,365],"tags":[],"class_list":["post-7322","post","type-post","status-publish","format-gallery","has-post-thumbnail","hentry","category-dla-kandydatow","category-dla-rodzicow","category-dla-uczniow","category-galeria","post_format-post-format-gallery"],"acf":[],"_links":{"self":[{"href":"https:\/\/lo6.szczecin.pl\/index.php\/wp-json\/wp\/v2\/posts\/7322","targetHints":{"allow":["GET"]}}],"collection":[{"href":"https:\/\/lo6.szczecin.pl\/index.php\/wp-json\/wp\/v2\/posts"}],"about":[{"href":"https:\/\/lo6.szczecin.pl\/index.php\/wp-json\/wp\/v2\/types\/post"}],"author":[{"embeddable":true,"href":"https:\/\/lo6.szczecin.pl\/index.php\/wp-json\/wp\/v2\/users\/3"}],"replies":[{"embeddable":true,"href":"https:\/\/lo6.szczecin.pl\/index.php\/wp-json\/wp\/v2\/comments?post=7322"}],"version-history":[{"count":4,"href":"https:\/\/lo6.szczecin.pl\/index.php\/wp-json\/wp\/v2\/posts\/7322\/revisions"}],"predecessor-version":[{"id":7343,"href":"https:\/\/lo6.szczecin.pl\/index.php\/wp-json\/wp\/v2\/posts\/7322\/revisions\/7343"}],"wp:featuredmedia":[{"embeddable":true,"href":"https:\/\/lo6.szczecin.pl\/index.php\/wp-json\/wp\/v2\/media\/7327"}],"wp:attachment":[{"href":"https:\/\/lo6.szczecin.pl\/index.php\/wp-json\/wp\/v2\/media?parent=7322"}],"wp:term":[{"taxonomy":"category","embeddable":true,"href":"https:\/\/lo6.szczecin.pl\/index.php\/wp-json\/wp\/v2\/categories?post=7322"},{"taxonomy":"post_tag","embeddable":true,"href":"https:\/\/lo6.szczecin.pl\/index.php\/wp-json\/wp\/v2\/tags?post=7322"}],"curies":[{"name":"wp","href":"https:\/\/api.w.org\/{rel}","templated":true}]}}