{"id":7311,"date":"2018-10-27T08:58:59","date_gmt":"2018-10-27T06:58:59","guid":{"rendered":"http:\/\/lo6.szczecin.pl\/?p=7311"},"modified":"2018-10-31T13:02:55","modified_gmt":"2018-10-31T12:02:55","slug":"turniej-debat-w-szczecinie-pazdziernik-2018","status":"publish","type":"post","link":"https:\/\/lo6.szczecin.pl\/index.php\/2018\/10\/27\/turniej-debat-w-szczecinie-pazdziernik-2018\/","title":{"rendered":"Turniej Debat  w Szczecinie &#8211; 26 pa\u017adziernika 2018"},"content":{"rendered":"<p>Dnia 26 pa\u017adziernika, przedstawiciele naszej szko\u0142y, pod opiek\u0105 prof. Dariusza Okonia, udali si\u0119 do LO V, gdzie wzi\u0119li udzia\u0142 w debacie oksfordzkiej z reprezentacj\u0105 ZSEE. Nasz\u0105 szko\u0142\u0119 reprezentowali: Izabela Mazur, Nikola Raczykowska, Magdalena Kogut, Jakub Che\u0142miniak, a tematem by\u0142a ochrona \u015brodowiska poprzez zakaz stosowania jednorazowych wyrob\u00f3w plastikowych<\/p>\n<p>Gospodarze przyj\u0119li nas ciep\u0142ym posi\u0142kiem, a tak\u017ce s\u0142odkim pocz\u0119stunkiem. Debat\u0119 poprzedzi\u0142o wyst\u0105pienie prezydenta Szczecina &#8211; Piotra Krzystka.<\/p>\n<p>Cho\u0107 debata zako\u0144czona zosta\u0142a remisem wszyscy uczestnicy otrzymali nagrody w postaci s\u0142ownik\u00f3w j\u0119zyka angielskiego wydawnictwa Oxford. Ca\u0142e zdarzenie przebiega\u0142o w przyjaznej i spokojnej atmosferze, a dru\u017cyny pomimo zaci\u0119tej walki, zachowa\u0142y zasady kultury i gry fair-play.<\/p>\n<p>Jakub Che\u0142miniak, klasa I A<\/p>\n","protected":false},"excerpt":{"rendered":"<p>Dnia 26 pa\u017adziernika, przedstawiciele naszej szko\u0142y, pod opiek\u0105 prof. Dariusza Okonia, udali si\u0119 do LO V, gdzie wzi\u0119li udzia\u0142 w debacie oksfordzkiej z reprezentacj\u0105 ZSEE. Nasz\u0105 szko\u0142\u0119 reprezentowali: Izabela Mazur, Nikola Raczykowska, Magdalena Kogut, Jakub Che\u0142miniak, a tematem by\u0142a ochrona \u015brodowiska poprzez zakaz stosowania jednorazowych wyrob\u00f3w plastikowych Gospodarze przyj\u0119li nas ciep\u0142ym posi\u0142kiem, a tak\u017ce s\u0142odkim&#8230;<\/p>\n","protected":false},"author":3,"featured_media":7314,"comment_status":"open","ping_status":"open","sticky":false,"template":"","format":"gallery","meta":{"_acf_changed":false,"_s2mail":"yes","footnotes":""},"categories":[360,358,359,365],"tags":[],"class_list":["post-7311","post","type-post","status-publish","format-gallery","has-post-thumbnail","hentry","category-dla-kandydatow","category-dla-rodzicow","category-dla-uczniow","category-galeria","post_format-post-format-gallery"],"acf":[],"_links":{"self":[{"href":"https:\/\/lo6.szczecin.pl\/index.php\/wp-json\/wp\/v2\/posts\/7311","targetHints":{"allow":["GET"]}}],"collection":[{"href":"https:\/\/lo6.szczecin.pl\/index.php\/wp-json\/wp\/v2\/posts"}],"about":[{"href":"https:\/\/lo6.szczecin.pl\/index.php\/wp-json\/wp\/v2\/types\/post"}],"author":[{"embeddable":true,"href":"https:\/\/lo6.szczecin.pl\/index.php\/wp-json\/wp\/v2\/users\/3"}],"replies":[{"embeddable":true,"href":"https:\/\/lo6.szczecin.pl\/index.php\/wp-json\/wp\/v2\/comments?post=7311"}],"version-history":[{"count":3,"href":"https:\/\/lo6.szczecin.pl\/index.php\/wp-json\/wp\/v2\/posts\/7311\/revisions"}],"predecessor-version":[{"id":7344,"href":"https:\/\/lo6.szczecin.pl\/index.php\/wp-json\/wp\/v2\/posts\/7311\/revisions\/7344"}],"wp:featuredmedia":[{"embeddable":true,"href":"https:\/\/lo6.szczecin.pl\/index.php\/wp-json\/wp\/v2\/media\/7314"}],"wp:attachment":[{"href":"https:\/\/lo6.szczecin.pl\/index.php\/wp-json\/wp\/v2\/media?parent=7311"}],"wp:term":[{"taxonomy":"category","embeddable":true,"href":"https:\/\/lo6.szczecin.pl\/index.php\/wp-json\/wp\/v2\/categories?post=7311"},{"taxonomy":"post_tag","embeddable":true,"href":"https:\/\/lo6.szczecin.pl\/index.php\/wp-json\/wp\/v2\/tags?post=7311"}],"curies":[{"name":"wp","href":"https:\/\/api.w.org\/{rel}","templated":true}]}}