{"id":7304,"date":"2018-10-26T08:05:55","date_gmt":"2018-10-26T06:05:55","guid":{"rendered":"http:\/\/lo6.szczecin.pl\/?p=7304"},"modified":"2018-10-29T08:09:55","modified_gmt":"2018-10-29T07:09:55","slug":"moda-w-literaturze-polskiej-xx-xxi-wieku","status":"publish","type":"post","link":"https:\/\/lo6.szczecin.pl\/index.php\/2018\/10\/26\/moda-w-literaturze-polskiej-xx-xxi-wieku\/","title":{"rendered":"Moda w literaturze polskiej XX-XXI wieku"},"content":{"rendered":"<p><span style=\"color: #000000; font-family: 'times new roman', times, serif; font-size: 12pt;\">25 pa\u017adziernika na korytarzu szkolnym odby\u0142 si\u0119 pokaz mody: <em><strong>Moda w literaturze polskiej XX-XXI wieku<\/strong><\/em>, zorganizowany z okazji 100-lecia Odzyskania Niepodleg\u0142o\u015bci przez Polsk\u0119.<\/span><\/p>\n<p><span style=\"color: #000000; font-family: 'times new roman', times, serif; font-size: 12pt;\">W pokazie wzi\u0119\u0142y udzia\u0142 klasy: 1A, 1B, 2B2 i 2C. W trakcie prezentacji kostium\u00f3w do wybranych utwor\u00f3w literackich mo\u017cna by\u0142o r\u00f3wnie\u017c ogl\u0105da\u0107 prezentacj\u0119 multimedialn\u0105 przedstawiaj\u0105c\u0105 wa\u017cne dla niepodleg\u0142ej Polski wydarzenia historyczne, kulturalne i literackie.<\/span><\/p>\n<p><span style=\"color: #000000; font-family: 'times new roman', times, serif; font-size: 12pt;\">Miejsca klas bior\u0105cych udzia\u0142 w pokazie: miejsce I zaj\u0119\u0142y wsp\u00f3lnie klasy:\u00a0 1B i 2B2, miejsce II ? klasa 2C, miejsce 3 ? klasa 1A. <strong>Gratulujemy!!!\u00a0<\/strong><\/span><\/p>\n","protected":false},"excerpt":{"rendered":"<p>25 pa\u017adziernika na korytarzu szkolnym odby\u0142 si\u0119 pokaz mody: Moda w literaturze polskiej XX-XXI wieku, zorganizowany z okazji 100-lecia Odzyskania Niepodleg\u0142o\u015bci przez Polsk\u0119. W pokazie wzi\u0119\u0142y udzia\u0142 klasy: 1A, 1B, 2B2 i 2C. W trakcie prezentacji kostium\u00f3w do wybranych utwor\u00f3w literackich mo\u017cna by\u0142o r\u00f3wnie\u017c ogl\u0105da\u0107 prezentacj\u0119 multimedialn\u0105 przedstawiaj\u0105c\u0105 wa\u017cne dla niepodleg\u0142ej Polski wydarzenia historyczne, kulturalne&#8230;<\/p>\n","protected":false},"author":3,"featured_media":7248,"comment_status":"open","ping_status":"open","sticky":false,"template":"","format":"gallery","meta":{"_acf_changed":false,"_s2mail":"yes","footnotes":""},"categories":[360,358,359,365],"tags":[],"class_list":["post-7304","post","type-post","status-publish","format-gallery","has-post-thumbnail","hentry","category-dla-kandydatow","category-dla-rodzicow","category-dla-uczniow","category-galeria","post_format-post-format-gallery"],"acf":[],"_links":{"self":[{"href":"https:\/\/lo6.szczecin.pl\/index.php\/wp-json\/wp\/v2\/posts\/7304","targetHints":{"allow":["GET"]}}],"collection":[{"href":"https:\/\/lo6.szczecin.pl\/index.php\/wp-json\/wp\/v2\/posts"}],"about":[{"href":"https:\/\/lo6.szczecin.pl\/index.php\/wp-json\/wp\/v2\/types\/post"}],"author":[{"embeddable":true,"href":"https:\/\/lo6.szczecin.pl\/index.php\/wp-json\/wp\/v2\/users\/3"}],"replies":[{"embeddable":true,"href":"https:\/\/lo6.szczecin.pl\/index.php\/wp-json\/wp\/v2\/comments?post=7304"}],"version-history":[{"count":1,"href":"https:\/\/lo6.szczecin.pl\/index.php\/wp-json\/wp\/v2\/posts\/7304\/revisions"}],"predecessor-version":[{"id":7305,"href":"https:\/\/lo6.szczecin.pl\/index.php\/wp-json\/wp\/v2\/posts\/7304\/revisions\/7305"}],"wp:featuredmedia":[{"embeddable":true,"href":"https:\/\/lo6.szczecin.pl\/index.php\/wp-json\/wp\/v2\/media\/7248"}],"wp:attachment":[{"href":"https:\/\/lo6.szczecin.pl\/index.php\/wp-json\/wp\/v2\/media?parent=7304"}],"wp:term":[{"taxonomy":"category","embeddable":true,"href":"https:\/\/lo6.szczecin.pl\/index.php\/wp-json\/wp\/v2\/categories?post=7304"},{"taxonomy":"post_tag","embeddable":true,"href":"https:\/\/lo6.szczecin.pl\/index.php\/wp-json\/wp\/v2\/tags?post=7304"}],"curies":[{"name":"wp","href":"https:\/\/api.w.org\/{rel}","templated":true}]}}