{"id":7301,"date":"2018-10-20T08:00:39","date_gmt":"2018-10-20T06:00:39","guid":{"rendered":"http:\/\/lo6.szczecin.pl\/?p=7301"},"modified":"2018-10-29T08:05:38","modified_gmt":"2018-10-29T07:05:38","slug":"szkolny-konkurs-ze-znajomosci-przedwiosnia-stefana-zeromskiego","status":"publish","type":"post","link":"https:\/\/lo6.szczecin.pl\/index.php\/2018\/10\/20\/szkolny-konkurs-ze-znajomosci-przedwiosnia-stefana-zeromskiego\/","title":{"rendered":"Szkolny Konkurs ze znajomo\u015bci Przedwio\u015bnia Stefana \u017beromskiego"},"content":{"rendered":"<p><span style=\"color: #000000; font-family: 'times new roman', times, serif; font-size: 12pt;\">17 pa\u017adziernika w czytelni odby\u0142 si\u0119 <strong>Szkolny Konkurs ze znajomo\u015bci <em>Przedwio\u015bnia<\/em> Stefana \u017beromskiego<\/strong> zorganizowany z okazji 100-lecia Odzyskania Niepodleg\u0142o\u015bci przez Polsk\u0119. W konkursie wzi\u0119li udzia\u0142: \u0141ukasz Andrysiak kl. 1A, Aleksandra Pietrzak kl. 1B, Magdalena Nowi\u0144ska kl. 1C, Nikola Bardzi\u0144ska kl. 1D, Miko\u0142aj Kocha\u0144ski kl. 2A, Sibela Pinar kl. 2B1, Wiktoria Majewska kl. 2B2, Julia Wr\u00f3blewska kl. 3A, Norbert Tokarewicz kl. 3B2, kl. 3B2, Aleksandra Dr\u0105\u017ckowska kl. 3C.<\/span><\/p>\n<p><span style=\"font-family: 'times new roman', times, serif; font-size: 12pt;\"><strong>Zwyci\u0119zcy konkursu: Magdalena Nowi\u0144ska kl. 1C\u00a0&#8211; I miejsce, Norbert Tokarewicz kl. 3B2\u00a0&#8211; II miejsce, Nikola Bardzi\u0144ska kl. 1D\u00a0&#8211; III miejsce. GRATULUJEMY!!!<\/strong><\/span><\/p>\n","protected":false},"excerpt":{"rendered":"<p>17 pa\u017adziernika w czytelni odby\u0142 si\u0119 Szkolny Konkurs ze znajomo\u015bci Przedwio\u015bnia Stefana \u017beromskiego zorganizowany z okazji 100-lecia Odzyskania Niepodleg\u0142o\u015bci przez Polsk\u0119. W konkursie wzi\u0119li udzia\u0142: \u0141ukasz Andrysiak kl. 1A, Aleksandra Pietrzak kl. 1B, Magdalena Nowi\u0144ska kl. 1C, Nikola Bardzi\u0144ska kl. 1D, Miko\u0142aj Kocha\u0144ski kl. 2A, Sibela Pinar kl. 2B1, Wiktoria Majewska kl. 2B2, Julia Wr\u00f3blewska&#8230;<\/p>\n","protected":false},"author":3,"featured_media":7173,"comment_status":"open","ping_status":"open","sticky":false,"template":"","format":"gallery","meta":{"_acf_changed":false,"_s2mail":"yes","footnotes":""},"categories":[360,358,359,365],"tags":[],"class_list":["post-7301","post","type-post","status-publish","format-gallery","has-post-thumbnail","hentry","category-dla-kandydatow","category-dla-rodzicow","category-dla-uczniow","category-galeria","post_format-post-format-gallery"],"acf":[],"_links":{"self":[{"href":"https:\/\/lo6.szczecin.pl\/index.php\/wp-json\/wp\/v2\/posts\/7301","targetHints":{"allow":["GET"]}}],"collection":[{"href":"https:\/\/lo6.szczecin.pl\/index.php\/wp-json\/wp\/v2\/posts"}],"about":[{"href":"https:\/\/lo6.szczecin.pl\/index.php\/wp-json\/wp\/v2\/types\/post"}],"author":[{"embeddable":true,"href":"https:\/\/lo6.szczecin.pl\/index.php\/wp-json\/wp\/v2\/users\/3"}],"replies":[{"embeddable":true,"href":"https:\/\/lo6.szczecin.pl\/index.php\/wp-json\/wp\/v2\/comments?post=7301"}],"version-history":[{"count":2,"href":"https:\/\/lo6.szczecin.pl\/index.php\/wp-json\/wp\/v2\/posts\/7301\/revisions"}],"predecessor-version":[{"id":7303,"href":"https:\/\/lo6.szczecin.pl\/index.php\/wp-json\/wp\/v2\/posts\/7301\/revisions\/7303"}],"wp:featuredmedia":[{"embeddable":true,"href":"https:\/\/lo6.szczecin.pl\/index.php\/wp-json\/wp\/v2\/media\/7173"}],"wp:attachment":[{"href":"https:\/\/lo6.szczecin.pl\/index.php\/wp-json\/wp\/v2\/media?parent=7301"}],"wp:term":[{"taxonomy":"category","embeddable":true,"href":"https:\/\/lo6.szczecin.pl\/index.php\/wp-json\/wp\/v2\/categories?post=7301"},{"taxonomy":"post_tag","embeddable":true,"href":"https:\/\/lo6.szczecin.pl\/index.php\/wp-json\/wp\/v2\/tags?post=7301"}],"curies":[{"name":"wp","href":"https:\/\/api.w.org\/{rel}","templated":true}]}}