{"id":7278,"date":"2018-09-29T07:52:23","date_gmt":"2018-09-29T05:52:23","guid":{"rendered":"http:\/\/lo6.szczecin.pl\/?p=7278"},"modified":"2018-10-29T08:00:26","modified_gmt":"2018-10-29T07:00:26","slug":"polsko-niemiecka-wymiana-mlodziezy-3","status":"publish","type":"post","link":"https:\/\/lo6.szczecin.pl\/index.php\/2018\/09\/29\/polsko-niemiecka-wymiana-mlodziezy-3\/","title":{"rendered":"Polsko-niemiecka wymiana m\u0142odzie\u017cy"},"content":{"rendered":"<p>We wrze\u015bniu po raz kolejny go\u015bcili\u015bmy uczni\u00f3w i nauczycieli <em>Widukind-Gymnasium Enger<\/em>, naszej szko\u0142y partnerskiej z Nadrenii P\u00f3\u0142nocnej-Westfalii.<\/p>\n<p>Wsp\u00f3lnie uczestniczyli\u015bmy w zaj\u0119ciach lekcyjnych i zwiedzali\u015bmy Szczecin. Korzystaj\u0105c\u00a0z pi\u0119knej pogody odbyli\u015bmy te\u017c wycieczk\u0119 nad morze oraz wzi\u0119li\u015bmy udzia\u0142 w warsztatach, zorganizowanych przez Transgraniczny O\u015brodku Edukacji Ekologicznej w Zalesiu.<\/p>\n<p>Nasi go\u015bcie podkre\u015blali go\u015bcinno\u015b\u0107, z jak\u0105 spotkali si\u0119 w polskich domach. Na pewno b\u0119d\u0105 mile wspomina\u0107 pobyt w Szczecinie.<\/p>\n<p>Projekt w przewa\u017caj\u0105cej cz\u0119\u015bci zosta\u0142 sfinansowany przez <em>Stowarzyszenie Gmin<\/em> <em>Polskich Euroregionu Pomerania<\/em> ze \u015brodk\u00f3w <em>Polsko-Niemieckiej Wsp\u00f3\u0142pracy M\u0142odzie\u017cy<\/em>.<\/p>\n","protected":false},"excerpt":{"rendered":"<p>We wrze\u015bniu po raz kolejny go\u015bcili\u015bmy uczni\u00f3w i nauczycieli Widukind-Gymnasium Enger, naszej szko\u0142y partnerskiej z Nadrenii P\u00f3\u0142nocnej-Westfalii. Wsp\u00f3lnie uczestniczyli\u015bmy w zaj\u0119ciach lekcyjnych i zwiedzali\u015bmy Szczecin. Korzystaj\u0105c\u00a0z pi\u0119knej pogody odbyli\u015bmy te\u017c wycieczk\u0119 nad morze oraz wzi\u0119li\u015bmy udzia\u0142 w warsztatach, zorganizowanych przez Transgraniczny O\u015brodku Edukacji Ekologicznej w Zalesiu. Nasi go\u015bcie podkre\u015blali go\u015bcinno\u015b\u0107, z jak\u0105 spotkali si\u0119 w&#8230;<\/p>\n","protected":false},"author":3,"featured_media":7288,"comment_status":"open","ping_status":"open","sticky":false,"template":"","format":"gallery","meta":{"_acf_changed":false,"_s2mail":"yes","footnotes":""},"categories":[360,358,359,365],"tags":[],"class_list":["post-7278","post","type-post","status-publish","format-gallery","has-post-thumbnail","hentry","category-dla-kandydatow","category-dla-rodzicow","category-dla-uczniow","category-galeria","post_format-post-format-gallery"],"acf":[],"_links":{"self":[{"href":"https:\/\/lo6.szczecin.pl\/index.php\/wp-json\/wp\/v2\/posts\/7278","targetHints":{"allow":["GET"]}}],"collection":[{"href":"https:\/\/lo6.szczecin.pl\/index.php\/wp-json\/wp\/v2\/posts"}],"about":[{"href":"https:\/\/lo6.szczecin.pl\/index.php\/wp-json\/wp\/v2\/types\/post"}],"author":[{"embeddable":true,"href":"https:\/\/lo6.szczecin.pl\/index.php\/wp-json\/wp\/v2\/users\/3"}],"replies":[{"embeddable":true,"href":"https:\/\/lo6.szczecin.pl\/index.php\/wp-json\/wp\/v2\/comments?post=7278"}],"version-history":[{"count":2,"href":"https:\/\/lo6.szczecin.pl\/index.php\/wp-json\/wp\/v2\/posts\/7278\/revisions"}],"predecessor-version":[{"id":7300,"href":"https:\/\/lo6.szczecin.pl\/index.php\/wp-json\/wp\/v2\/posts\/7278\/revisions\/7300"}],"wp:featuredmedia":[{"embeddable":true,"href":"https:\/\/lo6.szczecin.pl\/index.php\/wp-json\/wp\/v2\/media\/7288"}],"wp:attachment":[{"href":"https:\/\/lo6.szczecin.pl\/index.php\/wp-json\/wp\/v2\/media?parent=7278"}],"wp:term":[{"taxonomy":"category","embeddable":true,"href":"https:\/\/lo6.szczecin.pl\/index.php\/wp-json\/wp\/v2\/categories?post=7278"},{"taxonomy":"post_tag","embeddable":true,"href":"https:\/\/lo6.szczecin.pl\/index.php\/wp-json\/wp\/v2\/tags?post=7278"}],"curies":[{"name":"wp","href":"https:\/\/api.w.org\/{rel}","templated":true}]}}