{"id":7157,"date":"2018-10-22T13:48:02","date_gmt":"2018-10-22T11:48:02","guid":{"rendered":"http:\/\/lo6.szczecin.pl\/?p=7157"},"modified":"2018-10-22T13:48:02","modified_gmt":"2018-10-22T11:48:02","slug":"zebrania-z-rodzicami-8","status":"publish","type":"post","link":"https:\/\/lo6.szczecin.pl\/index.php\/2018\/10\/22\/zebrania-z-rodzicami-8\/","title":{"rendered":"Zebrania z Rodzicami"},"content":{"rendered":"<p>Dnia <strong>25 pa\u017adziernika 2018 r<\/strong>. <strong>o godzinie 17:00<\/strong> odb\u0119d\u0105 si\u0119 zebrania z rodzicami uczni\u00f3w klas I, II i III.<\/p>\n<p>Na zebraniach zostan\u0105 om\u00f3wione post\u0119py uczni\u00f3w oraz sprawy bie\u017c\u0105ce.<\/p>\n<p>&nbsp;<\/p>\n<p><strong>Zebranie rady rodzic\u00f3w\u00a0&#8211; godz.16:00<\/strong>.<\/p>\n<p>&nbsp;<\/p>\n<p>Obecno\u015b\u0107 na zebraniach jest obowi\u0105zkowa.<\/p>\n","protected":false},"excerpt":{"rendered":"<p>Dnia 25 pa\u017adziernika 2018 r. o godzinie 17:00 odb\u0119d\u0105 si\u0119 zebrania z rodzicami uczni\u00f3w klas I, II i III. Na zebraniach zostan\u0105 om\u00f3wione post\u0119py uczni\u00f3w oraz sprawy bie\u017c\u0105ce. &nbsp; Zebranie rady rodzic\u00f3w\u00a0&#8211; godz.16:00. &nbsp; Obecno\u015b\u0107 na zebraniach jest obowi\u0105zkowa.<\/p>\n","protected":false},"author":3,"featured_media":0,"comment_status":"open","ping_status":"open","sticky":false,"template":"","format":"gallery","meta":{"_acf_changed":false,"_s2mail":"yes","footnotes":""},"categories":[1],"tags":[],"class_list":["post-7157","post","type-post","status-publish","format-gallery","hentry","category-bez-kategorii","post_format-post-format-gallery"],"acf":[],"_links":{"self":[{"href":"https:\/\/lo6.szczecin.pl\/index.php\/wp-json\/wp\/v2\/posts\/7157","targetHints":{"allow":["GET"]}}],"collection":[{"href":"https:\/\/lo6.szczecin.pl\/index.php\/wp-json\/wp\/v2\/posts"}],"about":[{"href":"https:\/\/lo6.szczecin.pl\/index.php\/wp-json\/wp\/v2\/types\/post"}],"author":[{"embeddable":true,"href":"https:\/\/lo6.szczecin.pl\/index.php\/wp-json\/wp\/v2\/users\/3"}],"replies":[{"embeddable":true,"href":"https:\/\/lo6.szczecin.pl\/index.php\/wp-json\/wp\/v2\/comments?post=7157"}],"version-history":[{"count":1,"href":"https:\/\/lo6.szczecin.pl\/index.php\/wp-json\/wp\/v2\/posts\/7157\/revisions"}],"predecessor-version":[{"id":7158,"href":"https:\/\/lo6.szczecin.pl\/index.php\/wp-json\/wp\/v2\/posts\/7157\/revisions\/7158"}],"wp:attachment":[{"href":"https:\/\/lo6.szczecin.pl\/index.php\/wp-json\/wp\/v2\/media?parent=7157"}],"wp:term":[{"taxonomy":"category","embeddable":true,"href":"https:\/\/lo6.szczecin.pl\/index.php\/wp-json\/wp\/v2\/categories?post=7157"},{"taxonomy":"post_tag","embeddable":true,"href":"https:\/\/lo6.szczecin.pl\/index.php\/wp-json\/wp\/v2\/tags?post=7157"}],"curies":[{"name":"wp","href":"https:\/\/api.w.org\/{rel}","templated":true}]}}