{"id":7095,"date":"2018-10-16T09:03:55","date_gmt":"2018-10-16T07:03:55","guid":{"rendered":"http:\/\/lo6.szczecin.pl\/?p=7095"},"modified":"2018-10-17T11:39:47","modified_gmt":"2018-10-17T09:39:47","slug":"dzien-edukacji-narodowej-i-slubowanie-uczniow-klas-i","status":"publish","type":"post","link":"https:\/\/lo6.szczecin.pl\/index.php\/2018\/10\/16\/dzien-edukacji-narodowej-i-slubowanie-uczniow-klas-i\/","title":{"rendered":"Dzie\u0144 Edukacji Narodowej i \u015alubowanie uczni\u00f3w klas I"},"content":{"rendered":"<p>Dnia 15 pa\u017adziernika 2018 r. na sali gimnastycznej VI LO\u00a0 w Szczecinie odby\u0142a si\u0119 uroczysto\u015b\u0107 upami\u0119tniaj\u0105ca rocznic\u0119 powstania Komisji Edukacji Narodowej, kt\u00f3ra zosta\u0142a utworzona z inicjatywy kr\u00f3la Stanis\u0142awa Augusta Poniatowskiego i zrealizowana przez Sejm Rozbiorowy w dniu 14 pa\u017adziernika 1773 roku.<\/p>\n<p>Podczas\u00a0obchod\u00f3w Dnia Edukacji Narodowej,\u00a0uczniowie klas pierwszych dokonali uroczystego \u015blubowania na sztandar VI Liceum Og\u00f3lnokszta\u0142c\u0105cego im. Stefana Czarnieckiego w Szczecinie.<\/p>\n<p>&nbsp;<\/p>\n<p>Dzie\u0144 Edukacji Narodowej jest okazj\u0105 do nagradzania wyr\u00f3\u017cniaj\u0105cych si\u0119 nauczycieli i pracownik\u00f3w niepedagogicznych.<\/p>\n<p>Odznaczenia i wyr\u00f3\u017cnienia dla nauczycieli wr\u0119czane s\u0105 przez Ministra Edukacji Narodowej, Kurator\u00f3w O\u015bwiaty, Prezydenta Miasta i inne w\u0142adze samorz\u0105dowe na uroczystych galach.<\/p>\n","protected":false},"excerpt":{"rendered":"<p>Dnia 15 pa\u017adziernika 2018 r. na sali gimnastycznej VI LO\u00a0 w Szczecinie odby\u0142a si\u0119 uroczysto\u015b\u0107 upami\u0119tniaj\u0105ca rocznic\u0119 powstania Komisji Edukacji Narodowej, kt\u00f3ra zosta\u0142a utworzona z inicjatywy kr\u00f3la Stanis\u0142awa Augusta Poniatowskiego i zrealizowana przez Sejm Rozbiorowy w dniu 14 pa\u017adziernika 1773 roku. Podczas\u00a0obchod\u00f3w Dnia Edukacji Narodowej,\u00a0uczniowie klas pierwszych dokonali uroczystego \u015blubowania na sztandar VI Liceum Og\u00f3lnokszta\u0142c\u0105cego&#8230;<\/p>\n","protected":false},"author":3,"featured_media":7110,"comment_status":"open","ping_status":"open","sticky":false,"template":"","format":"gallery","meta":{"_acf_changed":false,"_s2mail":"yes","footnotes":""},"categories":[1],"tags":[],"class_list":["post-7095","post","type-post","status-publish","format-gallery","has-post-thumbnail","hentry","category-bez-kategorii","post_format-post-format-gallery"],"acf":[],"_links":{"self":[{"href":"https:\/\/lo6.szczecin.pl\/index.php\/wp-json\/wp\/v2\/posts\/7095","targetHints":{"allow":["GET"]}}],"collection":[{"href":"https:\/\/lo6.szczecin.pl\/index.php\/wp-json\/wp\/v2\/posts"}],"about":[{"href":"https:\/\/lo6.szczecin.pl\/index.php\/wp-json\/wp\/v2\/types\/post"}],"author":[{"embeddable":true,"href":"https:\/\/lo6.szczecin.pl\/index.php\/wp-json\/wp\/v2\/users\/3"}],"replies":[{"embeddable":true,"href":"https:\/\/lo6.szczecin.pl\/index.php\/wp-json\/wp\/v2\/comments?post=7095"}],"version-history":[{"count":1,"href":"https:\/\/lo6.szczecin.pl\/index.php\/wp-json\/wp\/v2\/posts\/7095\/revisions"}],"predecessor-version":[{"id":7096,"href":"https:\/\/lo6.szczecin.pl\/index.php\/wp-json\/wp\/v2\/posts\/7095\/revisions\/7096"}],"wp:featuredmedia":[{"embeddable":true,"href":"https:\/\/lo6.szczecin.pl\/index.php\/wp-json\/wp\/v2\/media\/7110"}],"wp:attachment":[{"href":"https:\/\/lo6.szczecin.pl\/index.php\/wp-json\/wp\/v2\/media?parent=7095"}],"wp:term":[{"taxonomy":"category","embeddable":true,"href":"https:\/\/lo6.szczecin.pl\/index.php\/wp-json\/wp\/v2\/categories?post=7095"},{"taxonomy":"post_tag","embeddable":true,"href":"https:\/\/lo6.szczecin.pl\/index.php\/wp-json\/wp\/v2\/tags?post=7095"}],"curies":[{"name":"wp","href":"https:\/\/api.w.org\/{rel}","templated":true}]}}