{"id":7022,"date":"2018-10-04T14:38:14","date_gmt":"2018-10-04T12:38:14","guid":{"rendered":"http:\/\/lo6.szczecin.pl\/?p=7022"},"modified":"2018-10-04T14:38:14","modified_gmt":"2018-10-04T12:38:14","slug":"sukcesy-lekkoatletyczne","status":"publish","type":"post","link":"https:\/\/lo6.szczecin.pl\/index.php\/2018\/10\/04\/sukcesy-lekkoatletyczne\/","title":{"rendered":"Sukcesy lekkoatletyczne"},"content":{"rendered":"<div data-contents=\"true\">\n<div data-editor=\"e9lbv\" data-block=\"true\" data-offset-key=\"354qk-0-0\">\n<div class=\"_1mf _1mj\" data-offset-key=\"354qk-0-0\"><span data-offset-key=\"354qk-0-0\">Szanowni Pa\u0144stwo, <\/span><\/div>\n<\/div>\n<div data-editor=\"e9lbv\" data-block=\"true\" data-offset-key=\"fcfrp-0-0\"><\/div>\n<div data-editor=\"e9lbv\" data-block=\"true\" data-offset-key=\"2b1gn-0-0\">\n<div class=\"_1mf _1mj\" data-offset-key=\"2b1gn-0-0\"><span data-offset-key=\"2b1gn-0-0\">Z ogromn\u0105 satysfakcj\u0105 i dum\u0105 informujemy, \u017ce podczas wczorajszych (03.10.2018 r.) zawod\u00f3w LA w mi\u0119dzyszkolnej rywalizacji SPG, uczennice naszej szko\u0142y zdoby\u0142y 6 medali:<\/span><\/div>\n<\/div>\n<div data-editor=\"e9lbv\" data-block=\"true\" data-offset-key=\"4gi1a-0-0\"><\/div>\n<div data-editor=\"e9lbv\" data-block=\"true\" data-offset-key=\"d23c-0-0\">\n<div class=\"_1mf _1mj\" data-offset-key=\"d23c-0-0\"><span data-offset-key=\"d23c-0-0\">4 br\u0105zowe- Aleksandra Florek(1b) w skoku wzwy\u017c, Aleksandra Dziel(1b) w pchni\u0119ciu kul\u0105, Magdalena Gawro\u0144ska(1d) w rzucie dyskiem, Wiktoria Majewska(2b2) w skoku w dal,<\/span><\/div>\n<\/div>\n<div data-editor=\"e9lbv\" data-block=\"true\" data-offset-key=\"6tpip-0-0\"><\/div>\n<div data-editor=\"e9lbv\" data-block=\"true\" data-offset-key=\"10s8o-0-0\">\n<div class=\"_1mf _1mj\" data-offset-key=\"10s8o-0-0\"><span data-offset-key=\"10s8o-0-0\">1 srebrny- Amelia Tyszkiewicz(1b) w skoku wzwy\u017c,<\/span><\/div>\n<\/div>\n<div data-editor=\"e9lbv\" data-block=\"true\" data-offset-key=\"f0rte-0-0\"><\/div>\n<div data-editor=\"e9lbv\" data-block=\"true\" data-offset-key=\"esufa-0-0\">\n<div class=\"_1mf _1mj\" data-offset-key=\"esufa-0-0\"><span data-offset-key=\"esufa-0-0\">1 z\u0142oty- Barbara Karbownik(1b) w rzucie dyskiem.<\/span><\/div>\n<\/div>\n<div data-editor=\"e9lbv\" data-block=\"true\" data-offset-key=\"61icv-0-0\"><\/div>\n<div data-editor=\"e9lbv\" data-block=\"true\" data-offset-key=\"a7jus-0-0\">\n<div class=\"_1mf _1mj\" data-offset-key=\"a7jus-0-0\"><span data-offset-key=\"a7jus-0-0\">Gratulujemy i \u017cyczymy kolejnych sukces\u00f3w!<\/span><\/div>\n<\/div>\n<\/div>\n","protected":false},"excerpt":{"rendered":"<p>Szanowni Pa\u0144stwo, Z ogromn\u0105 satysfakcj\u0105 i dum\u0105 informujemy, \u017ce podczas wczorajszych (03.10.2018 r.) zawod\u00f3w LA w mi\u0119dzyszkolnej rywalizacji SPG, uczennice naszej szko\u0142y zdoby\u0142y 6 medali: 4 br\u0105zowe- Aleksandra Florek(1b) w skoku wzwy\u017c, Aleksandra Dziel(1b) w pchni\u0119ciu kul\u0105, Magdalena Gawro\u0144ska(1d) w rzucie dyskiem, Wiktoria Majewska(2b2) w skoku w dal, 1 srebrny- Amelia Tyszkiewicz(1b) w skoku wzwy\u017c,&#8230;<\/p>\n","protected":false},"author":3,"featured_media":7023,"comment_status":"open","ping_status":"open","sticky":false,"template":"","format":"gallery","meta":{"_acf_changed":false,"_s2mail":"yes","footnotes":""},"categories":[360,358,359,365],"tags":[],"class_list":["post-7022","post","type-post","status-publish","format-gallery","has-post-thumbnail","hentry","category-dla-kandydatow","category-dla-rodzicow","category-dla-uczniow","category-galeria","post_format-post-format-gallery"],"acf":[],"_links":{"self":[{"href":"https:\/\/lo6.szczecin.pl\/index.php\/wp-json\/wp\/v2\/posts\/7022","targetHints":{"allow":["GET"]}}],"collection":[{"href":"https:\/\/lo6.szczecin.pl\/index.php\/wp-json\/wp\/v2\/posts"}],"about":[{"href":"https:\/\/lo6.szczecin.pl\/index.php\/wp-json\/wp\/v2\/types\/post"}],"author":[{"embeddable":true,"href":"https:\/\/lo6.szczecin.pl\/index.php\/wp-json\/wp\/v2\/users\/3"}],"replies":[{"embeddable":true,"href":"https:\/\/lo6.szczecin.pl\/index.php\/wp-json\/wp\/v2\/comments?post=7022"}],"version-history":[{"count":1,"href":"https:\/\/lo6.szczecin.pl\/index.php\/wp-json\/wp\/v2\/posts\/7022\/revisions"}],"predecessor-version":[{"id":7024,"href":"https:\/\/lo6.szczecin.pl\/index.php\/wp-json\/wp\/v2\/posts\/7022\/revisions\/7024"}],"wp:featuredmedia":[{"embeddable":true,"href":"https:\/\/lo6.szczecin.pl\/index.php\/wp-json\/wp\/v2\/media\/7023"}],"wp:attachment":[{"href":"https:\/\/lo6.szczecin.pl\/index.php\/wp-json\/wp\/v2\/media?parent=7022"}],"wp:term":[{"taxonomy":"category","embeddable":true,"href":"https:\/\/lo6.szczecin.pl\/index.php\/wp-json\/wp\/v2\/categories?post=7022"},{"taxonomy":"post_tag","embeddable":true,"href":"https:\/\/lo6.szczecin.pl\/index.php\/wp-json\/wp\/v2\/tags?post=7022"}],"curies":[{"name":"wp","href":"https:\/\/api.w.org\/{rel}","templated":true}]}}