{"id":7009,"date":"2018-10-29T07:26:03","date_gmt":"2018-10-29T06:26:03","guid":{"rendered":"http:\/\/lo6.szczecin.pl\/?p=7009"},"modified":"2018-10-29T10:33:26","modified_gmt":"2018-10-29T09:33:26","slug":"100-lecie-niepodleglosci-polski","status":"publish","type":"post","link":"https:\/\/lo6.szczecin.pl\/index.php\/2018\/10\/29\/100-lecie-niepodleglosci-polski\/","title":{"rendered":"100-lecie NIEPODLEG\u0141O\u015aCI POLSKI"},"content":{"rendered":"<p><span style=\"font-family: georgia,palatino,serif;\">\u00a0<span style=\"font-family: georgia,palatino,serif; font-size: 14pt;\"><strong>Dotychczasowe dzia\u0142ania:<\/strong><\/span><\/span><\/p>\n<p><span style=\"font-family: georgia,palatino,serif; font-size: 12pt;\"><strong><span style=\"font-family: georgia,palatino,serif;\">Historia ze starych zdj\u0119\u0107 i sesja zdj\u0119ciowa sleevace 1 i 2 tydzie\u0144 pa\u017adziernika\u00a0.<\/span><\/strong><\/span><\/p>\n<p><span style=\"font-family: georgia,palatino,serif;\"><strong>Czwartkowe\u00a0 pa\u017adziernikowe czytanie na pocz\u0105tku ka\u017cdej lekcji <\/strong>wybranej ksi\u0105\u017cki, kt\u00f3ra u\u015bwietni rocznic\u0119 odzyskania przez Polsk\u0119 niepodleg\u0142o\u015bci.<\/span><\/p>\n<p><span style=\"font-family: georgia,palatino,serif;\"><strong>Konkurs ze znajomo\u015bci <em>Przedwio\u015bnia<\/em><\/strong><\/span><\/p>\n<p><span style=\"color: #000000; font-family: 'times new roman', times, serif; font-size: 12pt;\">17 pa\u017adziernika w czytelni odby\u0142 si\u0119 <strong>Szkolny Konkurs ze znajomo\u015bci <em>Przedwio\u015bni<\/em>a Stefana \u017beromskiego<\/strong> zorganizowany z okazji 100-lecia Odzyskania Niepodleg\u0142o\u015bci przez Polsk\u0119. W konkursie wzi\u0119li udzia\u0142: \u0141ukasz Andrysiak kl. 1A, Aleksandra Pietrzak kl. 1B, Magdalena Nowi\u0144ska kl. 1C, Nikola Bardzi\u0144ska kl. 1D, Miko\u0142aj Kocha\u0144ski kl. 2A, Sibela Pinar kl. 2B1, Wiktoria Majewska kl. 2B2, Julia Wr\u00f3blewska kl. 3A, Norbert Tokarewicz kl. 3B2, kl. 3B2, Aleksandra Dr\u0105\u017ckowska kl. 3C.<\/span><\/p>\n<p><span style=\"font-family: 'times new roman', times, serif; font-size: 12pt;\"><strong>Zwyci\u0119zcy konkursu: Magdalena Nowi\u0144ska kl. 1C\u00a0&#8211; I miejsce, Norbert Tokarewicz kl. 3B2\u00a0&#8211; II miejsce, Nikola Bardzi\u0144ska kl. 1D\u00a0&#8211; III miejsce. GRATULUJEMY!!!<\/strong><\/span><\/p>\n<p>&nbsp;<\/p>\n<p>&nbsp;<\/p>\n\n\t\t<style type=\"text\/css\">\n\t\t\t#gallery-1 {\n\t\t\t\tmargin: auto;\n\t\t\t}\n\t\t\t#gallery-1 .gallery-item {\n\t\t\t\tfloat: left;\n\t\t\t\tmargin-top: 10px;\n\t\t\t\ttext-align: center;\n\t\t\t\twidth: 33%;\n\t\t\t}\n\t\t\t#gallery-1 img {\n\t\t\t\tborder: 2px solid #cfcfcf;\n\t\t\t}\n\t\t\t#gallery-1 .gallery-caption {\n\t\t\t\tmargin-left: 0;\n\t\t\t}\n\t\t\t\/* see gallery_shortcode() in wp-includes\/media.php *\/\n\t\t<\/style>\n\t\t<div id='gallery-1' class='gallery galleryid-7009 gallery-columns-3 gallery-size-thumbnail'><dl class='gallery-item'>\n\t\t\t<dt class='gallery-icon landscape'>\n\t\t\t\t<a href='https:\/\/lo6.szczecin.pl\/index.php\/biblioteka\/img_4670\/'><img loading=\"lazy\" decoding=\"async\" width=\"150\" height=\"150\" src=\"https:\/\/lo6.szczecin.pl\/wp-content\/uploads\/2017\/03\/IMG_4670-150x150.jpg\" class=\"attachment-thumbnail size-thumbnail\" alt=\"\" \/><\/a>\n\t\t\t<\/dt><\/dl><dl class='gallery-item'>\n\t\t\t<dt class='gallery-icon landscape'>\n\t\t\t\t<a href='https:\/\/lo6.szczecin.pl\/index.php\/biblioteka\/img_4660\/'><img loading=\"lazy\" decoding=\"async\" width=\"150\" height=\"150\" src=\"https:\/\/lo6.szczecin.pl\/wp-content\/uploads\/2017\/03\/IMG_4660-150x150.jpg\" class=\"attachment-thumbnail size-thumbnail\" alt=\"\" \/><\/a>\n\t\t\t<\/dt><\/dl><dl class='gallery-item'>\n\t\t\t<dt class='gallery-icon landscape'>\n\t\t\t\t<a href='https:\/\/lo6.szczecin.pl\/index.php\/biblioteka\/img_4657\/'><img loading=\"lazy\" decoding=\"async\" width=\"150\" height=\"150\" src=\"https:\/\/lo6.szczecin.pl\/wp-content\/uploads\/2017\/03\/IMG_4657-150x150.jpg\" class=\"attachment-thumbnail size-thumbnail\" alt=\"\" \/><\/a>\n\t\t\t<\/dt><\/dl><br style=\"clear: both\" \/><dl class='gallery-item'>\n\t\t\t<dt class='gallery-icon landscape'>\n\t\t\t\t<a href='https:\/\/lo6.szczecin.pl\/index.php\/biblioteka\/img_4653\/'><img loading=\"lazy\" decoding=\"async\" width=\"150\" height=\"150\" src=\"https:\/\/lo6.szczecin.pl\/wp-content\/uploads\/2017\/03\/IMG_4653-150x150.jpg\" class=\"attachment-thumbnail size-thumbnail\" alt=\"\" \/><\/a>\n\t\t\t<\/dt><\/dl><dl class='gallery-item'>\n\t\t\t<dt class='gallery-icon landscape'>\n\t\t\t\t<a href='https:\/\/lo6.szczecin.pl\/index.php\/biblioteka\/img_4651\/'><img loading=\"lazy\" decoding=\"async\" width=\"150\" height=\"150\" src=\"https:\/\/lo6.szczecin.pl\/wp-content\/uploads\/2017\/03\/IMG_4651-150x150.jpg\" class=\"attachment-thumbnail size-thumbnail\" alt=\"\" \/><\/a>\n\t\t\t<\/dt><\/dl><dl class='gallery-item'>\n\t\t\t<dt class='gallery-icon landscape'>\n\t\t\t\t<a href='https:\/\/lo6.szczecin.pl\/index.php\/biblioteka\/img_4685-2\/'><img loading=\"lazy\" decoding=\"async\" width=\"150\" height=\"150\" src=\"https:\/\/lo6.szczecin.pl\/wp-content\/uploads\/2017\/03\/IMG_4685-1-150x150.jpg\" class=\"attachment-thumbnail size-thumbnail\" alt=\"\" \/><\/a>\n\t\t\t<\/dt><\/dl><br style=\"clear: both\" \/><dl class='gallery-item'>\n\t\t\t<dt class='gallery-icon landscape'>\n\t\t\t\t<a href='https:\/\/lo6.szczecin.pl\/index.php\/biblioteka\/img_4683\/'><img loading=\"lazy\" decoding=\"async\" width=\"150\" height=\"150\" src=\"https:\/\/lo6.szczecin.pl\/wp-content\/uploads\/2017\/03\/IMG_4683-150x150.jpg\" class=\"attachment-thumbnail size-thumbnail\" alt=\"\" \/><\/a>\n\t\t\t<\/dt><\/dl><dl class='gallery-item'>\n\t\t\t<dt class='gallery-icon landscape'>\n\t\t\t\t<a href='https:\/\/lo6.szczecin.pl\/index.php\/biblioteka\/img_4682\/'><img loading=\"lazy\" decoding=\"async\" width=\"150\" height=\"150\" src=\"https:\/\/lo6.szczecin.pl\/wp-content\/uploads\/2017\/03\/IMG_4682-150x150.jpg\" class=\"attachment-thumbnail size-thumbnail\" alt=\"\" \/><\/a>\n\t\t\t<\/dt><\/dl><dl class='gallery-item'>\n\t\t\t<dt class='gallery-icon landscape'>\n\t\t\t\t<a href='https:\/\/lo6.szczecin.pl\/index.php\/biblioteka\/img_4677\/'><img loading=\"lazy\" decoding=\"async\" width=\"150\" height=\"150\" src=\"https:\/\/lo6.szczecin.pl\/wp-content\/uploads\/2017\/03\/IMG_4677-150x150.jpg\" class=\"attachment-thumbnail size-thumbnail\" alt=\"\" \/><\/a>\n\t\t\t<\/dt><\/dl><br style=\"clear: both\" \/>\n\t\t<\/div>\n\n<p>&nbsp;<\/p>\n<p>&nbsp;<\/p>\n<p><span style=\"font-family: georgia,palatino,serif;\"><strong><em>Moda w literaturze polskiej XX-XXI w<\/em>.\u00a0\u00a0&#8211;<\/strong> pokaz mody. <\/span><\/p>\n<p><span style=\"color: #000000; font-family: 'times new roman', times, serif; font-size: 12pt;\">25 pa\u017adziernika na korytarzu szkolnym odby\u0142 si\u0119 pokaz mody: <em><strong>Moda w literaturze polskiej XX-XXI wieku<\/strong><\/em>, zorganizowany z okazji 100-lecia Odzyskania Niepodleg\u0142o\u015bci przez Polsk\u0119.<\/span><\/p>\n<p><span style=\"color: #000000; font-family: 'times new roman', times, serif; font-size: 12pt;\">W pokazie wzi\u0119\u0142y udzia\u0142 klasy: 1A, 1B, 2B2 i 2C. W trakcie prezentacji kostium\u00f3w do wybranych utwor\u00f3w literackich mo\u017cna by\u0142o r\u00f3wnie\u017c ogl\u0105da\u0107 prezentacj\u0119 multimedialn\u0105 przedstawiaj\u0105c\u0105 wa\u017cne dla niepodleg\u0142ej Polski wydarzenia historyczne, kulturalne i literackie.<\/span><\/p>\n<p><span style=\"color: #000000; font-family: 'times new roman', times, serif; font-size: 12pt;\">Miejsca klas bior\u0105cych udzia\u0142 w pokazie: miejsce I zaj\u0119\u0142y wsp\u00f3lnie klasy:\u00a0 1B i 2B2, miejsce II\u00a0&#8211; klasa 2C, miejsce 3\u00a0&#8211; klasa 1A. <strong>Gratulujemy!!!\u00a0<\/strong><\/span><\/p>\n\n\t\t<style type=\"text\/css\">\n\t\t\t#gallery-2 {\n\t\t\t\tmargin: auto;\n\t\t\t}\n\t\t\t#gallery-2 .gallery-item {\n\t\t\t\tfloat: left;\n\t\t\t\tmargin-top: 10px;\n\t\t\t\ttext-align: center;\n\t\t\t\twidth: 33%;\n\t\t\t}\n\t\t\t#gallery-2 img {\n\t\t\t\tborder: 2px solid #cfcfcf;\n\t\t\t}\n\t\t\t#gallery-2 .gallery-caption {\n\t\t\t\tmargin-left: 0;\n\t\t\t}\n\t\t\t\/* see gallery_shortcode() in wp-includes\/media.php *\/\n\t\t<\/style>\n\t\t<div id='gallery-2' class='gallery galleryid-7009 gallery-columns-3 gallery-size-thumbnail'><dl class='gallery-item'>\n\t\t\t<dt class='gallery-icon portrait'>\n\t\t\t\t<a href='https:\/\/lo6.szczecin.pl\/index.php\/biblioteka\/20181025_082458\/'><img loading=\"lazy\" decoding=\"async\" width=\"150\" height=\"150\" src=\"https:\/\/lo6.szczecin.pl\/wp-content\/uploads\/2017\/03\/20181025_082458-e1540656773257-150x150.jpg\" class=\"attachment-thumbnail size-thumbnail\" alt=\"\" \/><\/a>\n\t\t\t<\/dt><\/dl><dl class='gallery-item'>\n\t\t\t<dt class='gallery-icon portrait'>\n\t\t\t\t<a href='https:\/\/lo6.szczecin.pl\/index.php\/biblioteka\/kl-1a-3\/'><img loading=\"lazy\" decoding=\"async\" width=\"150\" height=\"150\" src=\"https:\/\/lo6.szczecin.pl\/wp-content\/uploads\/2017\/03\/Kl.-1A-3-e1540655112366-150x150.jpg\" class=\"attachment-thumbnail size-thumbnail\" alt=\"\" \/><\/a>\n\t\t\t<\/dt><\/dl><dl class='gallery-item'>\n\t\t\t<dt class='gallery-icon portrait'>\n\t\t\t\t<a href='https:\/\/lo6.szczecin.pl\/index.php\/biblioteka\/kl-1a-4\/'><img loading=\"lazy\" decoding=\"async\" width=\"150\" height=\"150\" src=\"https:\/\/lo6.szczecin.pl\/wp-content\/uploads\/2017\/03\/kl.-1A-4-150x150.jpg\" class=\"attachment-thumbnail size-thumbnail\" alt=\"\" \/><\/a>\n\t\t\t<\/dt><\/dl><br style=\"clear: both\" \/><dl class='gallery-item'>\n\t\t\t<dt class='gallery-icon portrait'>\n\t\t\t\t<a href='https:\/\/lo6.szczecin.pl\/index.php\/biblioteka\/kl-2c-3\/'><img loading=\"lazy\" decoding=\"async\" width=\"150\" height=\"150\" src=\"https:\/\/lo6.szczecin.pl\/wp-content\/uploads\/2017\/03\/kl.-2C-3-e1540655095503-150x150.jpg\" class=\"attachment-thumbnail size-thumbnail\" alt=\"\" \/><\/a>\n\t\t\t<\/dt><\/dl><dl class='gallery-item'>\n\t\t\t<dt class='gallery-icon portrait'>\n\t\t\t\t<a href='https:\/\/lo6.szczecin.pl\/index.php\/biblioteka\/kl-2-c\/'><img loading=\"lazy\" decoding=\"async\" width=\"150\" height=\"150\" src=\"https:\/\/lo6.szczecin.pl\/wp-content\/uploads\/2017\/03\/kl.-2-C-e1540655073924-150x150.jpg\" class=\"attachment-thumbnail size-thumbnail\" alt=\"\" \/><\/a>\n\t\t\t<\/dt><\/dl><dl class='gallery-item'>\n\t\t\t<dt class='gallery-icon portrait'>\n\t\t\t\t<a href='https:\/\/lo6.szczecin.pl\/index.php\/biblioteka\/img_4777\/'><img loading=\"lazy\" decoding=\"async\" width=\"150\" height=\"150\" src=\"https:\/\/lo6.szczecin.pl\/wp-content\/uploads\/2017\/03\/IMG_4777-e1540655061162-150x150.jpg\" class=\"attachment-thumbnail size-thumbnail\" alt=\"\" \/><\/a>\n\t\t\t<\/dt><\/dl><br style=\"clear: both\" \/><dl class='gallery-item'>\n\t\t\t<dt class='gallery-icon portrait'>\n\t\t\t\t<a href='https:\/\/lo6.szczecin.pl\/index.php\/biblioteka\/kl-2c\/'><img loading=\"lazy\" decoding=\"async\" width=\"150\" height=\"150\" src=\"https:\/\/lo6.szczecin.pl\/wp-content\/uploads\/2017\/03\/kl.-2C-e1540655051583-150x150.jpg\" class=\"attachment-thumbnail size-thumbnail\" alt=\"\" \/><\/a>\n\t\t\t<\/dt><\/dl><dl class='gallery-item'>\n\t\t\t<dt class='gallery-icon portrait'>\n\t\t\t\t<a href='https:\/\/lo6.szczecin.pl\/index.php\/biblioteka\/kl-1b-3-2\/'><img loading=\"lazy\" decoding=\"async\" width=\"150\" height=\"150\" src=\"https:\/\/lo6.szczecin.pl\/wp-content\/uploads\/2017\/03\/Kl.-1B-3-e1540655007726-150x150.jpg\" class=\"attachment-thumbnail size-thumbnail\" alt=\"\" \/><\/a>\n\t\t\t<\/dt><\/dl><dl class='gallery-item'>\n\t\t\t<dt class='gallery-icon portrait'>\n\t\t\t\t<a href='https:\/\/lo6.szczecin.pl\/index.php\/biblioteka\/kl-b\/'><img loading=\"lazy\" decoding=\"async\" width=\"150\" height=\"150\" src=\"https:\/\/lo6.szczecin.pl\/wp-content\/uploads\/2017\/03\/Kl.-B-e1540654955983-150x150.jpg\" class=\"attachment-thumbnail size-thumbnail\" alt=\"\" \/><\/a>\n\t\t\t<\/dt><\/dl><br style=\"clear: both\" \/><dl class='gallery-item'>\n\t\t\t<dt class='gallery-icon portrait'>\n\t\t\t\t<a href='https:\/\/lo6.szczecin.pl\/index.php\/biblioteka\/kl-1b-3\/'><img loading=\"lazy\" decoding=\"async\" width=\"150\" height=\"150\" src=\"https:\/\/lo6.szczecin.pl\/wp-content\/uploads\/2017\/03\/Kl.1B-e1540654910523-150x150.jpg\" class=\"attachment-thumbnail size-thumbnail\" alt=\"\" \/><\/a>\n\t\t\t<\/dt><\/dl><dl class='gallery-item'>\n\t\t\t<dt class='gallery-icon portrait'>\n\t\t\t\t<a href='https:\/\/lo6.szczecin.pl\/index.php\/biblioteka\/img_4725\/'><img loading=\"lazy\" decoding=\"async\" width=\"150\" height=\"150\" src=\"https:\/\/lo6.szczecin.pl\/wp-content\/uploads\/2017\/03\/IMG_4725-e1540654864465-150x150.jpg\" class=\"attachment-thumbnail size-thumbnail\" alt=\"\" \/><\/a>\n\t\t\t<\/dt><\/dl><dl class='gallery-item'>\n\t\t\t<dt class='gallery-icon portrait'>\n\t\t\t\t<a href='https:\/\/lo6.szczecin.pl\/index.php\/biblioteka\/img_4834\/'><img loading=\"lazy\" decoding=\"async\" width=\"150\" height=\"150\" src=\"https:\/\/lo6.szczecin.pl\/wp-content\/uploads\/2017\/03\/IMG_4834-e1540654780943-150x150.jpg\" class=\"attachment-thumbnail size-thumbnail\" alt=\"\" \/><\/a>\n\t\t\t<\/dt><\/dl><br style=\"clear: both\" \/><dl class='gallery-item'>\n\t\t\t<dt class='gallery-icon portrait'>\n\t\t\t\t<a href='https:\/\/lo6.szczecin.pl\/index.php\/biblioteka\/img_4837\/'><img loading=\"lazy\" decoding=\"async\" width=\"150\" height=\"150\" src=\"https:\/\/lo6.szczecin.pl\/wp-content\/uploads\/2017\/03\/IMG_4837-150x150.jpg\" class=\"attachment-thumbnail size-thumbnail\" alt=\"\" \/><\/a>\n\t\t\t<\/dt><\/dl><dl class='gallery-item'>\n\t\t\t<dt class='gallery-icon landscape'>\n\t\t\t\t<a href='https:\/\/lo6.szczecin.pl\/index.php\/biblioteka\/img_4835\/'><img loading=\"lazy\" decoding=\"async\" width=\"150\" height=\"150\" src=\"https:\/\/lo6.szczecin.pl\/wp-content\/uploads\/2017\/03\/IMG_4835-150x150.jpg\" class=\"attachment-thumbnail size-thumbnail\" alt=\"\" \/><\/a>\n\t\t\t<\/dt><\/dl><dl class='gallery-item'>\n\t\t\t<dt class='gallery-icon landscape'>\n\t\t\t\t<a href='https:\/\/lo6.szczecin.pl\/index.php\/biblioteka\/img_4840\/'><img loading=\"lazy\" decoding=\"async\" width=\"150\" height=\"150\" src=\"https:\/\/lo6.szczecin.pl\/wp-content\/uploads\/2017\/03\/IMG_4840-150x150.jpg\" class=\"attachment-thumbnail size-thumbnail\" alt=\"\" \/><\/a>\n\t\t\t<\/dt><\/dl><br style=\"clear: both\" \/><dl class='gallery-item'>\n\t\t\t<dt class='gallery-icon landscape'>\n\t\t\t\t<a href='https:\/\/lo6.szczecin.pl\/index.php\/biblioteka\/img_4739\/'><img loading=\"lazy\" decoding=\"async\" width=\"150\" height=\"150\" src=\"https:\/\/lo6.szczecin.pl\/wp-content\/uploads\/2017\/03\/IMG_4739-150x150.jpg\" class=\"attachment-thumbnail size-thumbnail\" alt=\"\" \/><\/a>\n\t\t\t<\/dt><\/dl><dl class='gallery-item'>\n\t\t\t<dt class='gallery-icon landscape'>\n\t\t\t\t<a href='https:\/\/lo6.szczecin.pl\/index.php\/biblioteka\/img_4738\/'><img loading=\"lazy\" decoding=\"async\" width=\"150\" height=\"150\" src=\"https:\/\/lo6.szczecin.pl\/wp-content\/uploads\/2017\/03\/IMG_4738-150x150.jpg\" class=\"attachment-thumbnail size-thumbnail\" alt=\"\" \/><\/a>\n\t\t\t<\/dt><\/dl><dl class='gallery-item'>\n\t\t\t<dt class='gallery-icon landscape'>\n\t\t\t\t<a href='https:\/\/lo6.szczecin.pl\/index.php\/biblioteka\/img_4736\/'><img loading=\"lazy\" decoding=\"async\" width=\"150\" height=\"150\" src=\"https:\/\/lo6.szczecin.pl\/wp-content\/uploads\/2017\/03\/IMG_4736-150x150.jpg\" class=\"attachment-thumbnail size-thumbnail\" alt=\"\" \/><\/a>\n\t\t\t<\/dt><\/dl><br style=\"clear: both\" \/><dl class='gallery-item'>\n\t\t\t<dt class='gallery-icon landscape'>\n\t\t\t\t<a href='https:\/\/lo6.szczecin.pl\/index.php\/biblioteka\/img_4748\/'><img loading=\"lazy\" decoding=\"async\" width=\"150\" height=\"150\" src=\"https:\/\/lo6.szczecin.pl\/wp-content\/uploads\/2017\/03\/IMG_4748-150x150.jpg\" class=\"attachment-thumbnail size-thumbnail\" alt=\"\" \/><\/a>\n\t\t\t<\/dt><\/dl><dl class='gallery-item'>\n\t\t\t<dt class='gallery-icon landscape'>\n\t\t\t\t<a href='https:\/\/lo6.szczecin.pl\/index.php\/biblioteka\/img_4832\/'><img loading=\"lazy\" decoding=\"async\" width=\"150\" height=\"150\" src=\"https:\/\/lo6.szczecin.pl\/wp-content\/uploads\/2017\/03\/IMG_4832-150x150.jpg\" class=\"attachment-thumbnail size-thumbnail\" alt=\"\" \/><\/a>\n\t\t\t<\/dt><\/dl><dl class='gallery-item'>\n\t\t\t<dt class='gallery-icon landscape'>\n\t\t\t\t<a href='https:\/\/lo6.szczecin.pl\/index.php\/biblioteka\/img_4830\/'><img loading=\"lazy\" decoding=\"async\" width=\"150\" height=\"150\" src=\"https:\/\/lo6.szczecin.pl\/wp-content\/uploads\/2017\/03\/IMG_4830-150x150.jpg\" class=\"attachment-thumbnail size-thumbnail\" alt=\"\" \/><\/a>\n\t\t\t<\/dt><\/dl><br style=\"clear: both\" \/><dl class='gallery-item'>\n\t\t\t<dt class='gallery-icon landscape'>\n\t\t\t\t<a href='https:\/\/lo6.szczecin.pl\/index.php\/biblioteka\/img_4829\/'><img loading=\"lazy\" decoding=\"async\" width=\"150\" height=\"150\" src=\"https:\/\/lo6.szczecin.pl\/wp-content\/uploads\/2017\/03\/IMG_4829-150x150.jpg\" class=\"attachment-thumbnail size-thumbnail\" alt=\"\" \/><\/a>\n\t\t\t<\/dt><\/dl><dl class='gallery-item'>\n\t\t\t<dt class='gallery-icon landscape'>\n\t\t\t\t<a href='https:\/\/lo6.szczecin.pl\/index.php\/biblioteka\/img_4751\/'><img loading=\"lazy\" decoding=\"async\" width=\"150\" height=\"150\" src=\"https:\/\/lo6.szczecin.pl\/wp-content\/uploads\/2017\/03\/IMG_4751-150x150.jpg\" class=\"attachment-thumbnail size-thumbnail\" alt=\"\" \/><\/a>\n\t\t\t<\/dt><\/dl><dl class='gallery-item'>\n\t\t\t<dt class='gallery-icon landscape'>\n\t\t\t\t<a href='https:\/\/lo6.szczecin.pl\/index.php\/biblioteka\/img_4746\/'><img loading=\"lazy\" decoding=\"async\" width=\"150\" height=\"150\" src=\"https:\/\/lo6.szczecin.pl\/wp-content\/uploads\/2017\/03\/IMG_4746-150x150.jpg\" class=\"attachment-thumbnail size-thumbnail\" alt=\"\" \/><\/a>\n\t\t\t<\/dt><\/dl><br style=\"clear: both\" \/><dl class='gallery-item'>\n\t\t\t<dt class='gallery-icon landscape'>\n\t\t\t\t<a href='https:\/\/lo6.szczecin.pl\/index.php\/biblioteka\/img_4852\/'><img loading=\"lazy\" decoding=\"async\" width=\"150\" height=\"150\" src=\"https:\/\/lo6.szczecin.pl\/wp-content\/uploads\/2017\/03\/IMG_4852-150x150.jpg\" class=\"attachment-thumbnail size-thumbnail\" alt=\"\" \/><\/a>\n\t\t\t<\/dt><\/dl><dl class='gallery-item'>\n\t\t\t<dt class='gallery-icon landscape'>\n\t\t\t\t<a href='https:\/\/lo6.szczecin.pl\/index.php\/biblioteka\/img_4848\/'><img loading=\"lazy\" decoding=\"async\" width=\"150\" height=\"150\" src=\"https:\/\/lo6.szczecin.pl\/wp-content\/uploads\/2017\/03\/IMG_4848-150x150.jpg\" class=\"attachment-thumbnail size-thumbnail\" alt=\"\" \/><\/a>\n\t\t\t<\/dt><\/dl><dl class='gallery-item'>\n\t\t\t<dt class='gallery-icon landscape'>\n\t\t\t\t<a href='https:\/\/lo6.szczecin.pl\/index.php\/biblioteka\/img_4853\/'><img loading=\"lazy\" decoding=\"async\" width=\"150\" height=\"150\" src=\"https:\/\/lo6.szczecin.pl\/wp-content\/uploads\/2017\/03\/IMG_4853-150x150.jpg\" class=\"attachment-thumbnail size-thumbnail\" alt=\"\" \/><\/a>\n\t\t\t<\/dt><\/dl><br style=\"clear: both\" \/><dl class='gallery-item'>\n\t\t\t<dt class='gallery-icon landscape'>\n\t\t\t\t<a href='https:\/\/lo6.szczecin.pl\/index.php\/biblioteka\/img_4857\/'><img loading=\"lazy\" decoding=\"async\" width=\"150\" height=\"150\" src=\"https:\/\/lo6.szczecin.pl\/wp-content\/uploads\/2017\/03\/IMG_4857-150x150.jpg\" class=\"attachment-thumbnail size-thumbnail\" alt=\"\" \/><\/a>\n\t\t\t<\/dt><\/dl><dl class='gallery-item'>\n\t\t\t<dt class='gallery-icon landscape'>\n\t\t\t\t<a href='https:\/\/lo6.szczecin.pl\/index.php\/biblioteka\/img_4723\/'><img loading=\"lazy\" decoding=\"async\" width=\"150\" height=\"150\" src=\"https:\/\/lo6.szczecin.pl\/wp-content\/uploads\/2017\/03\/IMG_4723-150x150.jpg\" class=\"attachment-thumbnail size-thumbnail\" alt=\"\" \/><\/a>\n\t\t\t<\/dt><\/dl><dl class='gallery-item'>\n\t\t\t<dt class='gallery-icon landscape'>\n\t\t\t\t<a href='https:\/\/lo6.szczecin.pl\/index.php\/biblioteka\/img_4720\/'><img loading=\"lazy\" decoding=\"async\" width=\"150\" height=\"150\" src=\"https:\/\/lo6.szczecin.pl\/wp-content\/uploads\/2017\/03\/IMG_4720-150x150.jpg\" class=\"attachment-thumbnail size-thumbnail\" alt=\"\" \/><\/a>\n\t\t\t<\/dt><\/dl><br style=\"clear: both\" \/><dl class='gallery-item'>\n\t\t\t<dt class='gallery-icon landscape'>\n\t\t\t\t<a href='https:\/\/lo6.szczecin.pl\/index.php\/biblioteka\/img_4711\/'><img loading=\"lazy\" decoding=\"async\" width=\"150\" height=\"150\" src=\"https:\/\/lo6.szczecin.pl\/wp-content\/uploads\/2017\/03\/IMG_4711-150x150.jpg\" class=\"attachment-thumbnail size-thumbnail\" alt=\"\" \/><\/a>\n\t\t\t<\/dt><\/dl><dl class='gallery-item'>\n\t\t\t<dt class='gallery-icon landscape'>\n\t\t\t\t<a href='https:\/\/lo6.szczecin.pl\/index.php\/biblioteka\/img_4732\/'><img loading=\"lazy\" decoding=\"async\" width=\"150\" height=\"150\" src=\"https:\/\/lo6.szczecin.pl\/wp-content\/uploads\/2017\/03\/IMG_4732-150x150.jpg\" class=\"attachment-thumbnail size-thumbnail\" alt=\"\" \/><\/a>\n\t\t\t<\/dt><\/dl><dl class='gallery-item'>\n\t\t\t<dt class='gallery-icon landscape'>\n\t\t\t\t<a href='https:\/\/lo6.szczecin.pl\/index.php\/biblioteka\/img_4731\/'><img loading=\"lazy\" decoding=\"async\" width=\"150\" height=\"150\" src=\"https:\/\/lo6.szczecin.pl\/wp-content\/uploads\/2017\/03\/IMG_4731-150x150.jpg\" class=\"attachment-thumbnail size-thumbnail\" alt=\"\" \/><\/a>\n\t\t\t<\/dt><\/dl><br style=\"clear: both\" \/><dl class='gallery-item'>\n\t\t\t<dt class='gallery-icon landscape'>\n\t\t\t\t<a href='https:\/\/lo6.szczecin.pl\/index.php\/biblioteka\/img_4727\/'><img loading=\"lazy\" decoding=\"async\" width=\"150\" height=\"150\" src=\"https:\/\/lo6.szczecin.pl\/wp-content\/uploads\/2017\/03\/IMG_4727-150x150.jpg\" class=\"attachment-thumbnail size-thumbnail\" alt=\"\" \/><\/a>\n\t\t\t<\/dt><\/dl><dl class='gallery-item'>\n\t\t\t<dt class='gallery-icon landscape'>\n\t\t\t\t<a href='https:\/\/lo6.szczecin.pl\/index.php\/biblioteka\/kl-1b-2\/'><img loading=\"lazy\" decoding=\"async\" width=\"150\" height=\"150\" src=\"https:\/\/lo6.szczecin.pl\/wp-content\/uploads\/2017\/03\/Kl.-1B-2-150x150.jpg\" class=\"attachment-thumbnail size-thumbnail\" alt=\"\" \/><\/a>\n\t\t\t<\/dt><\/dl><dl class='gallery-item'>\n\t\t\t<dt class='gallery-icon landscape'>\n\t\t\t\t<a href='https:\/\/lo6.szczecin.pl\/index.php\/biblioteka\/kl-1-b\/'><img loading=\"lazy\" decoding=\"async\" width=\"150\" height=\"150\" src=\"https:\/\/lo6.szczecin.pl\/wp-content\/uploads\/2017\/03\/Kl.-1-B-150x150.jpg\" class=\"attachment-thumbnail size-thumbnail\" alt=\"\" \/><\/a>\n\t\t\t<\/dt><\/dl><br style=\"clear: both\" \/><dl class='gallery-item'>\n\t\t\t<dt class='gallery-icon landscape'>\n\t\t\t\t<a href='https:\/\/lo6.szczecin.pl\/index.php\/biblioteka\/kl-1b\/'><img loading=\"lazy\" decoding=\"async\" width=\"150\" height=\"150\" src=\"https:\/\/lo6.szczecin.pl\/wp-content\/uploads\/2017\/03\/Kl.-1B-150x150.jpg\" class=\"attachment-thumbnail size-thumbnail\" alt=\"\" \/><\/a>\n\t\t\t<\/dt><\/dl><dl class='gallery-item'>\n\t\t\t<dt class='gallery-icon landscape'>\n\t\t\t\t<a href='https:\/\/lo6.szczecin.pl\/index.php\/biblioteka\/kl-2b2-3\/'><img loading=\"lazy\" decoding=\"async\" width=\"150\" height=\"150\" src=\"https:\/\/lo6.szczecin.pl\/wp-content\/uploads\/2017\/03\/kl.-2B2-3-150x150.jpg\" class=\"attachment-thumbnail size-thumbnail\" alt=\"\" \/><\/a>\n\t\t\t<\/dt><\/dl><dl class='gallery-item'>\n\t\t\t<dt class='gallery-icon landscape'>\n\t\t\t\t<a href='https:\/\/lo6.szczecin.pl\/index.php\/biblioteka\/kl-2b2-2\/'><img loading=\"lazy\" decoding=\"async\" width=\"150\" height=\"150\" src=\"https:\/\/lo6.szczecin.pl\/wp-content\/uploads\/2017\/03\/kl.-2B2-2-150x150.jpg\" class=\"attachment-thumbnail size-thumbnail\" alt=\"\" \/><\/a>\n\t\t\t<\/dt><\/dl><br style=\"clear: both\" \/><dl class='gallery-item'>\n\t\t\t<dt class='gallery-icon landscape'>\n\t\t\t\t<a href='https:\/\/lo6.szczecin.pl\/index.php\/biblioteka\/kl-2-b2\/'><img loading=\"lazy\" decoding=\"async\" width=\"150\" height=\"150\" src=\"https:\/\/lo6.szczecin.pl\/wp-content\/uploads\/2017\/03\/Kl.-2-B2-150x150.jpg\" class=\"attachment-thumbnail size-thumbnail\" alt=\"\" \/><\/a>\n\t\t\t<\/dt><\/dl><dl class='gallery-item'>\n\t\t\t<dt class='gallery-icon landscape'>\n\t\t\t\t<a href='https:\/\/lo6.szczecin.pl\/index.php\/biblioteka\/kl-2b2\/'><img loading=\"lazy\" decoding=\"async\" width=\"150\" height=\"150\" src=\"https:\/\/lo6.szczecin.pl\/wp-content\/uploads\/2017\/03\/kl.-2B2-150x150.jpg\" class=\"attachment-thumbnail size-thumbnail\" alt=\"\" \/><\/a>\n\t\t\t<\/dt><\/dl><dl class='gallery-item'>\n\t\t\t<dt class='gallery-icon landscape'>\n\t\t\t\t<a href='https:\/\/lo6.szczecin.pl\/index.php\/biblioteka\/kl-2c-2\/'><img loading=\"lazy\" decoding=\"async\" width=\"150\" height=\"150\" src=\"https:\/\/lo6.szczecin.pl\/wp-content\/uploads\/2017\/03\/kl.-2C-2-150x150.jpg\" class=\"attachment-thumbnail size-thumbnail\" alt=\"\" \/><\/a>\n\t\t\t<\/dt><\/dl><br style=\"clear: both\" \/><dl class='gallery-item'>\n\t\t\t<dt class='gallery-icon landscape'>\n\t\t\t\t<a href='https:\/\/lo6.szczecin.pl\/index.php\/biblioteka\/img_4779\/'><img loading=\"lazy\" decoding=\"async\" width=\"150\" height=\"150\" src=\"https:\/\/lo6.szczecin.pl\/wp-content\/uploads\/2017\/03\/IMG_4779-150x150.jpg\" class=\"attachment-thumbnail size-thumbnail\" alt=\"\" \/><\/a>\n\t\t\t<\/dt><\/dl><dl class='gallery-item'>\n\t\t\t<dt class='gallery-icon landscape'>\n\t\t\t\t<a href='https:\/\/lo6.szczecin.pl\/index.php\/biblioteka\/kl-2c-4\/'><img loading=\"lazy\" decoding=\"async\" width=\"150\" height=\"150\" src=\"https:\/\/lo6.szczecin.pl\/wp-content\/uploads\/2017\/03\/kl.-2C-4-150x150.jpg\" class=\"attachment-thumbnail size-thumbnail\" alt=\"\" \/><\/a>\n\t\t\t<\/dt><\/dl><dl class='gallery-item'>\n\t\t\t<dt class='gallery-icon landscape'>\n\t\t\t\t<a href='https:\/\/lo6.szczecin.pl\/index.php\/biblioteka\/kl-1a-2\/'><img loading=\"lazy\" decoding=\"async\" width=\"150\" height=\"150\" src=\"https:\/\/lo6.szczecin.pl\/wp-content\/uploads\/2017\/03\/kl.-1A-2-150x150.jpg\" class=\"attachment-thumbnail size-thumbnail\" alt=\"\" \/><\/a>\n\t\t\t<\/dt><\/dl><br style=\"clear: both\" \/><dl class='gallery-item'>\n\t\t\t<dt class='gallery-icon landscape'>\n\t\t\t\t<a href='https:\/\/lo6.szczecin.pl\/index.php\/biblioteka\/kl-1a\/'><img loading=\"lazy\" decoding=\"async\" width=\"150\" height=\"150\" src=\"https:\/\/lo6.szczecin.pl\/wp-content\/uploads\/2017\/03\/kl.-1A-150x150.jpg\" class=\"attachment-thumbnail size-thumbnail\" alt=\"\" \/><\/a>\n\t\t\t<\/dt><\/dl>\n\t\t\t<br style='clear: both' \/>\n\t\t<\/div>\n\n<p><span style=\"font-family: georgia,palatino,serif;\"><strong>MARATONIE PISANIA LIST\u00d3W DO OJCZYZNY przez uczni\u00f3w VI LO\u00a015 czerwca 2018 r. <\/strong>daj\u0105cy mo\u017cliwo\u015b\u0107 odniesienia si\u0119 do swojej narodowej to\u017csamo\u015bci budowanej na przestrzeni wiek\u00f3w przez pryzmat r\u00f3\u017cnych wydarze\u0144 historycznych, zastanowienia si\u0119 nad poczuciem dumy narodowej, a tak\u017ce skonfrontowania Ojczyzny z innymi krajami.<\/span><\/p>\n<p><span style=\"font-family: georgia,palatino,serif;\"><b><strong>Wystawa plakat\u00f3w <\/strong><strong><em>S\u0141AWNI CHEMICY NIEPODLEG\u0141EJ POLSKI<\/em><\/strong> maj 2018 r.<\/b><\/span><\/p>\n<p><span style=\"font-family: georgia,palatino,serif;\"><b>Festiwal krzy\u017c\u00f3wek <strong><em>CHEMI<\/em><\/strong><strong><em>A W S\u0141U\u017bBIE NIEPODLEG\u0141EJ POLSKI<\/em><\/strong> maj 2018 r.<\/b><\/span><\/p>\n<p><strong>Spotkania z zaproszonymi go\u015b\u0107mi 10.04.2018 r. klasy 3b1 i 3b2<br \/>\n<\/strong><\/p>\n<ul style=\"list-style-type: circle;\">\n<li><span style=\"font-family: georgia,palatino,serif;\">Spotkanie m\u0142odzie\u017cy z by\u0142\u0105 nauczycielk\u0105 VI Liceum Og\u00f3lnokszta\u0142c\u0105cego w Szczecinie Stanis\u0142aw\u0105 Kocie\u0142owicz <em>Iskierk\u0105<\/em>, <em>Dziewczyn\u0105 wykl\u0119t\u0105<\/em>. Przybli\u017cenie drogi \u017cyciowej Pani Profesor: harcerstwa z konspiracyjnego Zwi\u0105zku Harcerstwa Polskiego w Wilnie, tajnego nauczania, walki w szeregach AK, a potem Gu\u0142agu w dalekiej Syberii (g\u0142\u00f3d, ci\u0119\u017cka praca, poni\u017canie godno\u015bci ludzkiej) oraz jej dewizy \u017cyciowej\u00a0 &#8211; <em>B\u00f3g, honor, praca i ojczyzna to sens \u017cyci<\/em>a. Zaprezentowanie dzisiejszej dzia\u0142alno\u015bci Pani Stanis\u0142awy Kocie\u0142owicz, pe\u0142ni\u0105cej funkcje prezesa Zarz\u0105du Okr\u0119gu Szczeci\u0144skiego \u015awiatowego Zwi\u0105zku \u017bo\u0142nierzy AK oraz wiceprezesa Stowarzyszenia \u0141agiernik\u00f3w \u017bo\u0142nierzy AK i\u00a0aktywno\u015bci zwi\u0105zanej z pe\u0142nionymi funkcjami.<\/span><\/li>\n<\/ul>\n\n\t\t<style type=\"text\/css\">\n\t\t\t#gallery-3 {\n\t\t\t\tmargin: auto;\n\t\t\t}\n\t\t\t#gallery-3 .gallery-item {\n\t\t\t\tfloat: left;\n\t\t\t\tmargin-top: 10px;\n\t\t\t\ttext-align: center;\n\t\t\t\twidth: 33%;\n\t\t\t}\n\t\t\t#gallery-3 img {\n\t\t\t\tborder: 2px solid #cfcfcf;\n\t\t\t}\n\t\t\t#gallery-3 .gallery-caption {\n\t\t\t\tmargin-left: 0;\n\t\t\t}\n\t\t\t\/* see gallery_shortcode() in wp-includes\/media.php *\/\n\t\t<\/style>\n\t\t<div id='gallery-3' class='gallery galleryid-7009 gallery-columns-3 gallery-size-thumbnail'><dl class='gallery-item'>\n\t\t\t<dt class='gallery-icon portrait'>\n\t\t\t\t<a href='https:\/\/lo6.szczecin.pl\/index.php\/2018\/04\/13\/spotkanie-z-iskierka\/kpt-stanislawa-kocielowicz-mjr-otton-hulacki\/'><img loading=\"lazy\" decoding=\"async\" width=\"150\" height=\"150\" src=\"https:\/\/lo6.szczecin.pl\/wp-content\/uploads\/2018\/04\/kpt-stanislawa-kocielowicz-mjr-otton-hulacki-150x150.jpg\" class=\"attachment-thumbnail size-thumbnail\" alt=\"\" \/><\/a>\n\t\t\t<\/dt><\/dl><dl class='gallery-item'>\n\t\t\t<dt class='gallery-icon portrait'>\n\t\t\t\t<a href='https:\/\/lo6.szczecin.pl\/index.php\/2018\/04\/13\/spotkanie-z-iskierka\/img_4871\/'><img loading=\"lazy\" decoding=\"async\" width=\"150\" height=\"150\" src=\"https:\/\/lo6.szczecin.pl\/wp-content\/uploads\/2018\/04\/IMG_4871-150x150.jpg\" class=\"attachment-thumbnail size-thumbnail\" alt=\"\" \/><\/a>\n\t\t\t<\/dt><\/dl><dl class='gallery-item'>\n\t\t\t<dt class='gallery-icon landscape'>\n\t\t\t\t<a href='https:\/\/lo6.szczecin.pl\/index.php\/2018\/04\/13\/spotkanie-z-iskierka\/img_4869\/'><img loading=\"lazy\" decoding=\"async\" width=\"150\" height=\"150\" src=\"https:\/\/lo6.szczecin.pl\/wp-content\/uploads\/2018\/04\/IMG_4869-150x150.jpg\" class=\"attachment-thumbnail size-thumbnail\" alt=\"\" \/><\/a>\n\t\t\t<\/dt><\/dl><br style=\"clear: both\" \/>\n\t\t<\/div>\n\n<p><span style=\"font-family: georgia,palatino,serif;\"><b><strong>Wystawa plakat\u00f3w <em>100 years of the Republic of Poland in English<\/em> <\/strong>16-19 stycznia 2018 r. <\/b><\/span><\/p>\n<p><span style=\"font-family: georgia,palatino,serif;\"><span style=\"font-family: georgia,palatino,serif;\"><strong>Akademia z okazji \u015awi\u0119ta Odzyskania Niepodleg\u0142o\u015bci<\/strong> <strong>13 listopada 2017 r.<\/strong> <strong>wszystkie klasy I, II, III<\/strong> <strong><em>Drogi Polak\u00f3w do niepodleg\u0142o\u015bci w czasie I wojny \u015bwiatowej w latach 1914\u00a0&#8211; 1918<\/em><\/strong> Cel: u\u015bwiadomienie uczniom znaczenia wydarze\u0144 I wojny \u015bwiatowej w przywr\u00f3ceniu niepodleg\u0142ego bytu Rzeczypospolitej Prowadz\u0105cy: magister historii Rafa\u0142 Zommer. Plan spotkania historycznego: <span style=\"font-family: georgia,palatino,serif;\"><span style=\"font-family: georgia,palatino,serif;\"><span style=\"font-family: georgia,palatino,serif;\">prezentacja uzbrojenia i\u00a0broni strzeleckiej pa\u0144stw zaborczych, karabiny: Mosin, Mannlicher, Mauser.<\/span><\/span><\/span><\/span><\/span><\/p>\n<p>&nbsp;<\/p>\n<p>&nbsp;<\/p>\n\n\t\t<style type=\"text\/css\">\n\t\t\t#gallery-4 {\n\t\t\t\tmargin: auto;\n\t\t\t}\n\t\t\t#gallery-4 .gallery-item {\n\t\t\t\tfloat: left;\n\t\t\t\tmargin-top: 10px;\n\t\t\t\ttext-align: center;\n\t\t\t\twidth: 33%;\n\t\t\t}\n\t\t\t#gallery-4 img {\n\t\t\t\tborder: 2px solid #cfcfcf;\n\t\t\t}\n\t\t\t#gallery-4 .gallery-caption {\n\t\t\t\tmargin-left: 0;\n\t\t\t}\n\t\t\t\/* see gallery_shortcode() in wp-includes\/media.php *\/\n\t\t<\/style>\n\t\t<div id='gallery-4' class='gallery galleryid-7009 gallery-columns-3 gallery-size-thumbnail'><dl class='gallery-item'>\n\t\t\t<dt class='gallery-icon portrait'>\n\t\t\t\t<a href='https:\/\/lo6.szczecin.pl\/index.php\/2017\/11\/14\/narodowe-swieto-niepodleglosci\/img_2328\/'><img loading=\"lazy\" decoding=\"async\" width=\"150\" height=\"150\" src=\"https:\/\/lo6.szczecin.pl\/wp-content\/uploads\/2017\/11\/IMG_2328-150x150.jpg\" class=\"attachment-thumbnail size-thumbnail\" alt=\"\" \/><\/a>\n\t\t\t<\/dt><\/dl><dl class='gallery-item'>\n\t\t\t<dt class='gallery-icon landscape'>\n\t\t\t\t<a href='https:\/\/lo6.szczecin.pl\/index.php\/2017\/11\/14\/narodowe-swieto-niepodleglosci\/img_2338\/'><img loading=\"lazy\" decoding=\"async\" width=\"150\" height=\"150\" src=\"https:\/\/lo6.szczecin.pl\/wp-content\/uploads\/2017\/11\/IMG_2338-150x150.jpg\" class=\"attachment-thumbnail size-thumbnail\" alt=\"\" \/><\/a>\n\t\t\t<\/dt><\/dl><dl class='gallery-item'>\n\t\t\t<dt class='gallery-icon landscape'>\n\t\t\t\t<a href='https:\/\/lo6.szczecin.pl\/index.php\/2017\/11\/14\/narodowe-swieto-niepodleglosci\/img_2294\/'><img loading=\"lazy\" decoding=\"async\" width=\"150\" height=\"150\" src=\"https:\/\/lo6.szczecin.pl\/wp-content\/uploads\/2017\/11\/IMG_2294-150x150.jpg\" class=\"attachment-thumbnail size-thumbnail\" alt=\"\" \/><\/a>\n\t\t\t<\/dt><\/dl><br style=\"clear: both\" \/><dl class='gallery-item'>\n\t\t\t<dt class='gallery-icon landscape'>\n\t\t\t\t<a href='https:\/\/lo6.szczecin.pl\/index.php\/2017\/11\/14\/narodowe-swieto-niepodleglosci\/img_2300\/'><img loading=\"lazy\" decoding=\"async\" width=\"150\" height=\"150\" src=\"https:\/\/lo6.szczecin.pl\/wp-content\/uploads\/2017\/11\/IMG_2300-150x150.jpg\" class=\"attachment-thumbnail size-thumbnail\" alt=\"\" \/><\/a>\n\t\t\t<\/dt><\/dl><dl class='gallery-item'>\n\t\t\t<dt class='gallery-icon landscape'>\n\t\t\t\t<a href='https:\/\/lo6.szczecin.pl\/index.php\/2017\/11\/14\/narodowe-swieto-niepodleglosci\/img_2283\/'><img loading=\"lazy\" decoding=\"async\" width=\"150\" height=\"150\" src=\"https:\/\/lo6.szczecin.pl\/wp-content\/uploads\/2017\/11\/IMG_2283-150x150.jpg\" class=\"attachment-thumbnail size-thumbnail\" alt=\"\" \/><\/a>\n\t\t\t<\/dt><\/dl><dl class='gallery-item'>\n\t\t\t<dt class='gallery-icon landscape'>\n\t\t\t\t<a href='https:\/\/lo6.szczecin.pl\/index.php\/2017\/11\/14\/narodowe-swieto-niepodleglosci\/img_2278\/'><img loading=\"lazy\" decoding=\"async\" width=\"150\" height=\"150\" src=\"https:\/\/lo6.szczecin.pl\/wp-content\/uploads\/2017\/11\/IMG_2278-150x150.jpg\" class=\"attachment-thumbnail size-thumbnail\" alt=\"\" \/><\/a>\n\t\t\t<\/dt><\/dl><br style=\"clear: both\" \/><dl class='gallery-item'>\n\t\t\t<dt class='gallery-icon landscape'>\n\t\t\t\t<a href='https:\/\/lo6.szczecin.pl\/index.php\/2017\/11\/14\/narodowe-swieto-niepodleglosci\/img_2286\/'><img loading=\"lazy\" decoding=\"async\" width=\"150\" height=\"150\" src=\"https:\/\/lo6.szczecin.pl\/wp-content\/uploads\/2017\/11\/IMG_2286-150x150.jpg\" class=\"attachment-thumbnail size-thumbnail\" alt=\"\" \/><\/a>\n\t\t\t<\/dt><\/dl><dl class='gallery-item'>\n\t\t\t<dt class='gallery-icon portrait'>\n\t\t\t\t<a href='https:\/\/lo6.szczecin.pl\/index.php\/2017\/11\/14\/narodowe-swieto-niepodleglosci\/img_2311\/'><img loading=\"lazy\" decoding=\"async\" width=\"150\" height=\"150\" src=\"https:\/\/lo6.szczecin.pl\/wp-content\/uploads\/2017\/11\/IMG_2311-150x150.jpg\" class=\"attachment-thumbnail size-thumbnail\" alt=\"\" \/><\/a>\n\t\t\t<\/dt><\/dl><dl class='gallery-item'>\n\t\t\t<dt class='gallery-icon landscape'>\n\t\t\t\t<a href='https:\/\/lo6.szczecin.pl\/index.php\/2017\/11\/14\/narodowe-swieto-niepodleglosci\/img_2337\/'><img loading=\"lazy\" decoding=\"async\" width=\"150\" height=\"150\" src=\"https:\/\/lo6.szczecin.pl\/wp-content\/uploads\/2017\/11\/IMG_2337-150x150.jpg\" class=\"attachment-thumbnail size-thumbnail\" alt=\"\" \/><\/a>\n\t\t\t<\/dt><\/dl><br style=\"clear: both\" \/><dl class='gallery-item'>\n\t\t\t<dt class='gallery-icon portrait'>\n\t\t\t\t<a href='https:\/\/lo6.szczecin.pl\/index.php\/2017\/11\/14\/narodowe-swieto-niepodleglosci\/img_2308\/'><img loading=\"lazy\" decoding=\"async\" width=\"150\" height=\"150\" src=\"https:\/\/lo6.szczecin.pl\/wp-content\/uploads\/2017\/11\/IMG_2308-150x150.jpg\" class=\"attachment-thumbnail size-thumbnail\" alt=\"\" \/><\/a>\n\t\t\t<\/dt><\/dl><dl class='gallery-item'>\n\t\t\t<dt class='gallery-icon landscape'>\n\t\t\t\t<a href='https:\/\/lo6.szczecin.pl\/index.php\/2017\/11\/14\/narodowe-swieto-niepodleglosci\/flaga_polska\/'><img loading=\"lazy\" decoding=\"async\" width=\"150\" height=\"150\" src=\"https:\/\/lo6.szczecin.pl\/wp-content\/uploads\/2017\/11\/flaga_polska-150x150.jpg\" class=\"attachment-thumbnail size-thumbnail\" alt=\"\" \/><\/a>\n\t\t\t<\/dt><\/dl>\n\t\t\t<br style='clear: both' \/>\n\t\t<\/div>\n\n<p>&nbsp;<\/p>\n<p><span style=\"font-family: georgia,palatino,serif;\"><b><strong>Wystawy i gazetki Gazetka sztalugowa\u00a0&#8211; 11 listopada \u015awi\u0119ta Odzyskania Niepodleg\u0142o\u015bci <\/strong>10 listopada 2017 r. <\/b><\/span><\/p>\n<p><span style=\"font-family: georgia,palatino,serif;\"><b><strong>Konkurs Wiedzy o \u015awi\u0119cie Odzyskania Niepodleg\u0142o\u015bci <\/strong>10.11.2017 r. <\/b><\/span><\/p>\n<p><span style=\"font-family: georgia,palatino,serif;\"><span style=\"font-family: georgia,palatino,serif;\"><span style=\"font-family: georgia,palatino,serif;\"><strong>Realizacja tre\u015bci patriotyczno-niepodleg\u0142o\u015bciowych na lekcjach wychowawczych i przedmiotowych przez wszystkich nauczycieli<\/strong><\/span><\/span><\/span><\/p>\n<p><span style=\"font-family: georgia,palatino,serif;\"><strong>\u00a0<\/strong><\/span><\/p>\n<p>&nbsp;<\/p>\n","protected":false},"excerpt":{"rendered":"<p>\u00a0Dotychczasowe dzia\u0142ania: Historia ze starych zdj\u0119\u0107 i sesja zdj\u0119ciowa sleevace 1 i 2 tydzie\u0144 pa\u017adziernika\u00a0. Czwartkowe\u00a0 pa\u017adziernikowe czytanie na pocz\u0105tku ka\u017cdej lekcji wybranej ksi\u0105\u017cki, kt\u00f3ra u\u015bwietni rocznic\u0119 odzyskania przez Polsk\u0119 niepodleg\u0142o\u015bci. Konkurs ze znajomo\u015bci Przedwio\u015bnia 17 pa\u017adziernika w czytelni odby\u0142 si\u0119 Szkolny Konkurs ze znajomo\u015bci Przedwio\u015bnia Stefana \u017beromskiego zorganizowany z okazji 100-lecia Odzyskania Niepodleg\u0142o\u015bci przez&#8230;<\/p>\n","protected":false},"author":3,"featured_media":7010,"comment_status":"open","ping_status":"open","sticky":false,"template":"","format":"gallery","meta":{"_acf_changed":false,"_s2mail":"yes","footnotes":""},"categories":[360,358,359,365],"tags":[],"class_list":["post-7009","post","type-post","status-publish","format-gallery","has-post-thumbnail","hentry","category-dla-kandydatow","category-dla-rodzicow","category-dla-uczniow","category-galeria","post_format-post-format-gallery"],"acf":[],"_links":{"self":[{"href":"https:\/\/lo6.szczecin.pl\/index.php\/wp-json\/wp\/v2\/posts\/7009","targetHints":{"allow":["GET"]}}],"collection":[{"href":"https:\/\/lo6.szczecin.pl\/index.php\/wp-json\/wp\/v2\/posts"}],"about":[{"href":"https:\/\/lo6.szczecin.pl\/index.php\/wp-json\/wp\/v2\/types\/post"}],"author":[{"embeddable":true,"href":"https:\/\/lo6.szczecin.pl\/index.php\/wp-json\/wp\/v2\/users\/3"}],"replies":[{"embeddable":true,"href":"https:\/\/lo6.szczecin.pl\/index.php\/wp-json\/wp\/v2\/comments?post=7009"}],"version-history":[{"count":8,"href":"https:\/\/lo6.szczecin.pl\/index.php\/wp-json\/wp\/v2\/posts\/7009\/revisions"}],"predecessor-version":[{"id":7309,"href":"https:\/\/lo6.szczecin.pl\/index.php\/wp-json\/wp\/v2\/posts\/7009\/revisions\/7309"}],"wp:featuredmedia":[{"embeddable":true,"href":"https:\/\/lo6.szczecin.pl\/index.php\/wp-json\/wp\/v2\/media\/7010"}],"wp:attachment":[{"href":"https:\/\/lo6.szczecin.pl\/index.php\/wp-json\/wp\/v2\/media?parent=7009"}],"wp:term":[{"taxonomy":"category","embeddable":true,"href":"https:\/\/lo6.szczecin.pl\/index.php\/wp-json\/wp\/v2\/categories?post=7009"},{"taxonomy":"post_tag","embeddable":true,"href":"https:\/\/lo6.szczecin.pl\/index.php\/wp-json\/wp\/v2\/tags?post=7009"}],"curies":[{"name":"wp","href":"https:\/\/api.w.org\/{rel}","templated":true}]}}