{"id":6967,"date":"2018-09-28T10:52:37","date_gmt":"2018-09-28T08:52:37","guid":{"rendered":"http:\/\/lo6.szczecin.pl\/?p=6967"},"modified":"2018-10-09T14:52:11","modified_gmt":"2018-10-09T12:52:11","slug":"otrzesiny-klas-i","status":"publish","type":"post","link":"https:\/\/lo6.szczecin.pl\/index.php\/2018\/09\/28\/otrzesiny-klas-i\/","title":{"rendered":"Otrz\u0119siny klas I"},"content":{"rendered":"<p>Dnia 27 wrze\u015bnia 2018 r.\u00a0 odby\u0142y si\u0119 <em>otrz\u0119siny<\/em> uczni\u00f3w klas I.<\/p>\n<p>Podczas \u00a0&#8220;Otrz\u0119sin klas pierwszych na sportowo&#8221; uczniowie, nauczyciele i wychowawcy aktywnie uczestniczyli w imprezie sportowej sk\u0142adaj\u0105cej si\u0119 z\u00a0dw\u00f3ch blok\u00f3w. W pierwszej cz\u0119\u015bci klasy rywalizowa\u0142y mi\u0119dzy sob\u0105 w wy\u015bcigach i zadaniach na weso\u0142o, prowadzonych przez uczni\u00f3w klasy 3b1.<br \/>\nW drugiej cz\u0119\u015bci klasy\u00a0rozegra\u0142y turniej siatk\u00f3wki w dru\u017cynach mieszanych.<\/p>\n","protected":false},"excerpt":{"rendered":"<p>Dnia 27 wrze\u015bnia 2018 r.\u00a0 odby\u0142y si\u0119 otrz\u0119siny uczni\u00f3w klas I. Podczas \u00a0&#8220;Otrz\u0119sin klas pierwszych na sportowo&#8221; uczniowie, nauczyciele i wychowawcy aktywnie uczestniczyli w imprezie sportowej sk\u0142adaj\u0105cej si\u0119 z\u00a0dw\u00f3ch blok\u00f3w. W pierwszej cz\u0119\u015bci klasy rywalizowa\u0142y mi\u0119dzy sob\u0105 w wy\u015bcigach i zadaniach na weso\u0142o, prowadzonych przez uczni\u00f3w klasy 3b1. W drugiej cz\u0119\u015bci klasy\u00a0rozegra\u0142y turniej siatk\u00f3wki w&#8230;<\/p>\n","protected":false},"author":3,"featured_media":6596,"comment_status":"open","ping_status":"open","sticky":false,"template":"","format":"gallery","meta":{"_acf_changed":false,"_s2mail":"yes","footnotes":""},"categories":[360,358,359,365],"tags":[],"class_list":["post-6967","post","type-post","status-publish","format-gallery","has-post-thumbnail","hentry","category-dla-kandydatow","category-dla-rodzicow","category-dla-uczniow","category-galeria","post_format-post-format-gallery"],"acf":[],"_links":{"self":[{"href":"https:\/\/lo6.szczecin.pl\/index.php\/wp-json\/wp\/v2\/posts\/6967","targetHints":{"allow":["GET"]}}],"collection":[{"href":"https:\/\/lo6.szczecin.pl\/index.php\/wp-json\/wp\/v2\/posts"}],"about":[{"href":"https:\/\/lo6.szczecin.pl\/index.php\/wp-json\/wp\/v2\/types\/post"}],"author":[{"embeddable":true,"href":"https:\/\/lo6.szczecin.pl\/index.php\/wp-json\/wp\/v2\/users\/3"}],"replies":[{"embeddable":true,"href":"https:\/\/lo6.szczecin.pl\/index.php\/wp-json\/wp\/v2\/comments?post=6967"}],"version-history":[{"count":1,"href":"https:\/\/lo6.szczecin.pl\/index.php\/wp-json\/wp\/v2\/posts\/6967\/revisions"}],"predecessor-version":[{"id":6968,"href":"https:\/\/lo6.szczecin.pl\/index.php\/wp-json\/wp\/v2\/posts\/6967\/revisions\/6968"}],"wp:featuredmedia":[{"embeddable":true,"href":"https:\/\/lo6.szczecin.pl\/index.php\/wp-json\/wp\/v2\/media\/6596"}],"wp:attachment":[{"href":"https:\/\/lo6.szczecin.pl\/index.php\/wp-json\/wp\/v2\/media?parent=6967"}],"wp:term":[{"taxonomy":"category","embeddable":true,"href":"https:\/\/lo6.szczecin.pl\/index.php\/wp-json\/wp\/v2\/categories?post=6967"},{"taxonomy":"post_tag","embeddable":true,"href":"https:\/\/lo6.szczecin.pl\/index.php\/wp-json\/wp\/v2\/tags?post=6967"}],"curies":[{"name":"wp","href":"https:\/\/api.w.org\/{rel}","templated":true}]}}