{"id":6948,"date":"2018-10-02T10:42:03","date_gmt":"2018-10-02T08:42:03","guid":{"rendered":"http:\/\/lo6.szczecin.pl\/?p=6948"},"modified":"2018-10-02T10:42:03","modified_gmt":"2018-10-02T08:42:03","slug":"viii-swiatowy-dzien-tabliczki-mnozenia","status":"publish","type":"post","link":"https:\/\/lo6.szczecin.pl\/index.php\/2018\/10\/02\/viii-swiatowy-dzien-tabliczki-mnozenia\/","title":{"rendered":"VIII \u015awiatowy Dzie\u0144 Tabliczki Mno\u017cenia"},"content":{"rendered":"<p>Dnia 28 wrze\u015bnia 2018 r. w pi\u0105tek uczniowie naszej szko\u0142y\u00a0aktywnie uczestniczyli w VIII \u015awiatowym Dniu Tabliczki Mno\u017cenia.<\/p>\n","protected":false},"excerpt":{"rendered":"<p>Dnia 28 wrze\u015bnia 2018 r. w pi\u0105tek uczniowie naszej szko\u0142y\u00a0aktywnie uczestniczyli w VIII \u015awiatowym Dniu Tabliczki Mno\u017cenia.<\/p>\n","protected":false},"author":3,"featured_media":6950,"comment_status":"open","ping_status":"open","sticky":false,"template":"","format":"gallery","meta":{"_acf_changed":false,"_s2mail":"yes","footnotes":""},"categories":[360,358,359,365],"tags":[],"class_list":["post-6948","post","type-post","status-publish","format-gallery","has-post-thumbnail","hentry","category-dla-kandydatow","category-dla-rodzicow","category-dla-uczniow","category-galeria","post_format-post-format-gallery"],"acf":[],"_links":{"self":[{"href":"https:\/\/lo6.szczecin.pl\/index.php\/wp-json\/wp\/v2\/posts\/6948","targetHints":{"allow":["GET"]}}],"collection":[{"href":"https:\/\/lo6.szczecin.pl\/index.php\/wp-json\/wp\/v2\/posts"}],"about":[{"href":"https:\/\/lo6.szczecin.pl\/index.php\/wp-json\/wp\/v2\/types\/post"}],"author":[{"embeddable":true,"href":"https:\/\/lo6.szczecin.pl\/index.php\/wp-json\/wp\/v2\/users\/3"}],"replies":[{"embeddable":true,"href":"https:\/\/lo6.szczecin.pl\/index.php\/wp-json\/wp\/v2\/comments?post=6948"}],"version-history":[{"count":1,"href":"https:\/\/lo6.szczecin.pl\/index.php\/wp-json\/wp\/v2\/posts\/6948\/revisions"}],"predecessor-version":[{"id":6966,"href":"https:\/\/lo6.szczecin.pl\/index.php\/wp-json\/wp\/v2\/posts\/6948\/revisions\/6966"}],"wp:featuredmedia":[{"embeddable":true,"href":"https:\/\/lo6.szczecin.pl\/index.php\/wp-json\/wp\/v2\/media\/6950"}],"wp:attachment":[{"href":"https:\/\/lo6.szczecin.pl\/index.php\/wp-json\/wp\/v2\/media?parent=6948"}],"wp:term":[{"taxonomy":"category","embeddable":true,"href":"https:\/\/lo6.szczecin.pl\/index.php\/wp-json\/wp\/v2\/categories?post=6948"},{"taxonomy":"post_tag","embeddable":true,"href":"https:\/\/lo6.szczecin.pl\/index.php\/wp-json\/wp\/v2\/tags?post=6948"}],"curies":[{"name":"wp","href":"https:\/\/api.w.org\/{rel}","templated":true}]}}