{"id":6922,"date":"2018-09-17T09:29:45","date_gmt":"2018-09-17T07:29:45","guid":{"rendered":"http:\/\/lo6.szczecin.pl\/?p=6922"},"modified":"2018-09-17T11:56:20","modified_gmt":"2018-09-17T09:56:20","slug":"zebrania-z-rodzicami-7","status":"publish","type":"post","link":"https:\/\/lo6.szczecin.pl\/index.php\/2018\/09\/17\/zebrania-z-rodzicami-7\/","title":{"rendered":"Zebrania z rodzicami"},"content":{"rendered":"<p>Dnia <strong>20 wrze\u015bnia 2018 r<\/strong>. odb\u0119d\u0105 si\u0119<strong> zebrania z rodzicami uczni\u00f3w klas II i III<\/strong> oraz <strong>konsultacje nauczycielskie dla rodzic\u00f3w uczni\u00f3w klas I.<\/strong><\/p>\n<p>Podczas spotka\u0144 zostan\u0105 przedstawione rodzicom informacje dotycz\u0105ce <strong>sposob\u00f3w udzielania pomocy psychologiczno-pedagogicznej<\/strong>.<\/p>\n<p>Pedagog szko\u0142y p. Ma\u0142gorzata Sadkowska pe\u0142ni\u0105ca podczas zebra\u0144 od godz. 17:00 do 19:00 dy\u017cur pedagogiczny, udzieli wszystkim zainteresowanym odpowiedzi dot. w\/w tematyki.<\/p>\n<p>Harmonogram spotka\u0144:<\/p>\n<ol>\n<li>Z<strong>ebranie wychowawc\u00f3w z rodzicami uczni\u00f3w klas II\u00a0&#8211; godz. 17.00<\/strong><\/li>\n<li><strong>Spotkanie dyrektora i wychowawc\u00f3w z rodzicami uczni\u00f3w klas III\u00a0&#8211; godz. 17.00<\/strong> (procedury egzaminu maturalnego 2019)<\/li>\n<li><strong>Konsultacje indywidualne nauczycieli dla rodzic\u00f3w uczni\u00f3w klas I\u00a0&#8211; godz. 17.00\u00a0&#8211; 19.00<\/strong><\/li>\n<\/ol>\n<p><strong>Zebranie rady rodzic\u00f3w\u00a0&#8211; godz.18.00 <\/strong>(WYJATKOWO\u00a0&#8211; WYBORY DO RR NA ZEBRANIACH W KLASACH, nast\u0119pne zebrania o godz. 16.00)<\/p>\n<p>Obecno\u015b\u0107 na zebraniach jest obowi\u0105zkowa.<\/p>\n<p>&nbsp;<\/p>\n<p>&nbsp;<\/p>\n","protected":false},"excerpt":{"rendered":"<p>Dnia 20 wrze\u015bnia 2018 r. odb\u0119d\u0105 si\u0119 zebrania z rodzicami uczni\u00f3w klas II i III oraz konsultacje nauczycielskie dla rodzic\u00f3w uczni\u00f3w klas I. Podczas spotka\u0144 zostan\u0105 przedstawione rodzicom informacje dotycz\u0105ce sposob\u00f3w udzielania pomocy psychologiczno-pedagogicznej. Pedagog szko\u0142y p. Ma\u0142gorzata Sadkowska pe\u0142ni\u0105ca podczas zebra\u0144 od godz. 17:00 do 19:00 dy\u017cur pedagogiczny, udzieli wszystkim zainteresowanym odpowiedzi dot. w\/w&#8230;<\/p>\n","protected":false},"author":3,"featured_media":0,"comment_status":"open","ping_status":"open","sticky":false,"template":"","format":"standard","meta":{"_acf_changed":false,"_s2mail":"yes","footnotes":""},"categories":[1],"tags":[],"class_list":["post-6922","post","type-post","status-publish","format-standard","hentry","category-bez-kategorii"],"acf":[],"_links":{"self":[{"href":"https:\/\/lo6.szczecin.pl\/index.php\/wp-json\/wp\/v2\/posts\/6922","targetHints":{"allow":["GET"]}}],"collection":[{"href":"https:\/\/lo6.szczecin.pl\/index.php\/wp-json\/wp\/v2\/posts"}],"about":[{"href":"https:\/\/lo6.szczecin.pl\/index.php\/wp-json\/wp\/v2\/types\/post"}],"author":[{"embeddable":true,"href":"https:\/\/lo6.szczecin.pl\/index.php\/wp-json\/wp\/v2\/users\/3"}],"replies":[{"embeddable":true,"href":"https:\/\/lo6.szczecin.pl\/index.php\/wp-json\/wp\/v2\/comments?post=6922"}],"version-history":[{"count":5,"href":"https:\/\/lo6.szczecin.pl\/index.php\/wp-json\/wp\/v2\/posts\/6922\/revisions"}],"predecessor-version":[{"id":6928,"href":"https:\/\/lo6.szczecin.pl\/index.php\/wp-json\/wp\/v2\/posts\/6922\/revisions\/6928"}],"wp:attachment":[{"href":"https:\/\/lo6.szczecin.pl\/index.php\/wp-json\/wp\/v2\/media?parent=6922"}],"wp:term":[{"taxonomy":"category","embeddable":true,"href":"https:\/\/lo6.szczecin.pl\/index.php\/wp-json\/wp\/v2\/categories?post=6922"},{"taxonomy":"post_tag","embeddable":true,"href":"https:\/\/lo6.szczecin.pl\/index.php\/wp-json\/wp\/v2\/tags?post=6922"}],"curies":[{"name":"wp","href":"https:\/\/api.w.org\/{rel}","templated":true}]}}