{"id":6883,"date":"2018-09-12T15:11:03","date_gmt":"2018-09-12T13:11:03","guid":{"rendered":"http:\/\/lo6.szczecin.pl\/?p=6883"},"modified":"2018-09-13T11:23:48","modified_gmt":"2018-09-13T09:23:48","slug":"legitymacje-szkolne-a-prawa-uczniow-do-ulg","status":"publish","type":"post","link":"https:\/\/lo6.szczecin.pl\/index.php\/2018\/09\/12\/legitymacje-szkolne-a-prawa-uczniow-do-ulg\/","title":{"rendered":"Legitymacje szkolne, a prawa uczni\u00f3w do ulg"},"content":{"rendered":"<p><strong>Legitymacje szkolne, a prawa uczni\u00f3w do ulg<\/strong><\/p>\n<p>Prawo uczni\u00f3w zamieszkuj\u0105cych na terenie Gminy Miasto Szczecin do ulg okre\u015blonych w Uchwale Nr IV\/N\/1254\/18 Rady Miasta Szczecin z dnia 28 sierpnia 2018 r. przy przejazdach \u015brodkami lokalnego transportu zbiorowego organizowanego przez Gmin\u0119 Miasto Szczecin ? Zarz\u0105d Dr\u00f3g i Transportu Miejskiego, po\u015bwiadcza legitymacja szkolna.<\/p>\n<p>Za miejsce zamieszkania osoby fizycznej uznaje si\u0119 zgodnie z poj\u0119ciami prawa cywilnego .<em>.. miejscowo\u015b\u0107, w kt\u00f3rej osoba ta\u00a0przebywa z zamiarem sta\u0142ego pobytu.. <\/em>art. 25 Kodeksu cywilnego (Dz.U.2018.0.1025 t.j. &#8211; Ustawa z dnia 23\u00a0kwietnia 1964 r. &#8211; Kodeks cywilny)<em>, a\u00a0z<\/em>godnie z art. 26. \u00a7 1\u00a0<strong><u>miejscem zamieszkania dziecka pozostaj\u0105cego pod w\u0142adz\u0105 rodzicielsk\u0105 jest miejsce zamieszkania rodzic\u00f3w<\/u><\/strong>\u00a0albo tego z rodzic\u00f3w, kt\u00f3remu wy\u0142\u0105cznie przys\u0142uguje w\u0142adza rodzicielska lub kt\u00f3remu zosta\u0142o powierzone wykonywanie w\u0142adzy rodzicielskiej.<\/p>\n<p><strong><u>W zwi\u0105zku z powy\u017cszym na legitymacji szkolnej powinien znajdowa\u0107 si\u0119 adres zamieszkania zgodny z przepisem, o kt\u00f3rym mowa wy\u017cej\u00a0<\/u><\/strong>(sytuacja ta dotyczy r\u00f3wnie\u017c uczni\u00f3w przebywaj\u0105cych w internacie lub bursie szkolnej).<\/p>\n<p>Podstaw\u0105 dokonania zmiany adresu na legitymacji szkolnej jest o\u015bwiadczenie rodzica poparte dokumentem potwierdzaj\u0105cym powy\u017csze okoliczno\u015bci (np. akt notarialny zakupu lokalu mieszkalnego, umowa najmu lokalu mieszkalnego,\u00a0 itp.).<\/p>\n<p>&nbsp;<\/p>\n","protected":false},"excerpt":{"rendered":"<p>Legitymacje szkolne, a prawa uczni\u00f3w do ulg Prawo uczni\u00f3w zamieszkuj\u0105cych na terenie Gminy Miasto Szczecin do ulg okre\u015blonych w Uchwale Nr IV\/N\/1254\/18 Rady Miasta Szczecin z dnia 28 sierpnia 2018 r. przy przejazdach \u015brodkami lokalnego transportu zbiorowego organizowanego przez Gmin\u0119 Miasto Szczecin ? Zarz\u0105d Dr\u00f3g i Transportu Miejskiego, po\u015bwiadcza legitymacja szkolna. Za miejsce zamieszkania osoby&#8230;<\/p>\n","protected":false},"author":3,"featured_media":6884,"comment_status":"open","ping_status":"open","sticky":false,"template":"","format":"standard","meta":{"_acf_changed":false,"_s2mail":"yes","footnotes":""},"categories":[1],"tags":[],"class_list":["post-6883","post","type-post","status-publish","format-standard","has-post-thumbnail","hentry","category-bez-kategorii"],"acf":[],"_links":{"self":[{"href":"https:\/\/lo6.szczecin.pl\/index.php\/wp-json\/wp\/v2\/posts\/6883","targetHints":{"allow":["GET"]}}],"collection":[{"href":"https:\/\/lo6.szczecin.pl\/index.php\/wp-json\/wp\/v2\/posts"}],"about":[{"href":"https:\/\/lo6.szczecin.pl\/index.php\/wp-json\/wp\/v2\/types\/post"}],"author":[{"embeddable":true,"href":"https:\/\/lo6.szczecin.pl\/index.php\/wp-json\/wp\/v2\/users\/3"}],"replies":[{"embeddable":true,"href":"https:\/\/lo6.szczecin.pl\/index.php\/wp-json\/wp\/v2\/comments?post=6883"}],"version-history":[{"count":2,"href":"https:\/\/lo6.szczecin.pl\/index.php\/wp-json\/wp\/v2\/posts\/6883\/revisions"}],"predecessor-version":[{"id":6887,"href":"https:\/\/lo6.szczecin.pl\/index.php\/wp-json\/wp\/v2\/posts\/6883\/revisions\/6887"}],"wp:featuredmedia":[{"embeddable":true,"href":"https:\/\/lo6.szczecin.pl\/index.php\/wp-json\/wp\/v2\/media\/6884"}],"wp:attachment":[{"href":"https:\/\/lo6.szczecin.pl\/index.php\/wp-json\/wp\/v2\/media?parent=6883"}],"wp:term":[{"taxonomy":"category","embeddable":true,"href":"https:\/\/lo6.szczecin.pl\/index.php\/wp-json\/wp\/v2\/categories?post=6883"},{"taxonomy":"post_tag","embeddable":true,"href":"https:\/\/lo6.szczecin.pl\/index.php\/wp-json\/wp\/v2\/tags?post=6883"}],"curies":[{"name":"wp","href":"https:\/\/api.w.org\/{rel}","templated":true}]}}