{"id":6843,"date":"2018-09-04T10:58:07","date_gmt":"2018-09-04T08:58:07","guid":{"rendered":"http:\/\/lo6.szczecin.pl\/?p=6843"},"modified":"2018-09-04T10:58:07","modified_gmt":"2018-09-04T08:58:07","slug":"jubileusz-70-lecia","status":"publish","type":"post","link":"https:\/\/lo6.szczecin.pl\/index.php\/2018\/09\/04\/jubileusz-70-lecia\/","title":{"rendered":"Jubileusz 70-lecia"},"content":{"rendered":"<p style=\"text-align: right;\"><em>Wspomnienia s\u0105 jak per\u0142y: maj\u0105 w sobie co\u015b z klejnot\u00f3w i co\u015b z \u0142ez.<\/em><\/p>\n<p style=\"text-align: center;\"><strong>Kochani Absolwenci i Przyjaciele <em>Sz\u00f3stki<\/em>!<\/strong><\/p>\n<p>Wielkimi krokami zbli\u017ca si\u0119 70-lecie VI LO, dlatego pragniemy zaprosi\u0107 wszystkich ch\u0119tnych do wsp\u00f3\u0142pracy w przygotowaniu tego jubileuszu. Aby godnie uczci\u0107 Szanown\u0105 Jubilatk\u0119, chcemy stworzy\u0107 monografi\u0119 naszej szko\u0142y, a tak\u017ce wyda\u0107 numer specjalny gazety szkolnej <em>Zbli\u017cenia <\/em>upami\u0119tniaj\u0105cy 100 niezwyk\u0142ych osobowo\u015bci <em>Sz\u00f3stki<\/em>. Jednak bez Waszej pomocy b\u0119dzie nam bardzo trudno. Przesy\u0142ajcie swoje propozycje, zdj\u0119cia i\u00a0wspomnienia na adres <u>sekretariat@lo6.szczecin.pl<\/u> lub kontaktujcie si\u0119 z nami telefonicznie (91-484-60-88), a\u00a0my wy\u015blemy redaktor\u00f3w naszej gazety, by spisali Wasze wspomnienia.<\/p>\n<p style=\"text-align: center;\">Uroczysto\u015bci zwi\u0105zane z 70-leciem szko\u0142y b\u0119d\u0105 odbywa\u0107 si\u0119 27 i 28 wrze\u015bnia 2019 roku.<\/p>\n<p style=\"text-align: center;\">Kolejne informacje dotycz\u0105ce jubileuszu b\u0119d\u0105 si\u0119 ukazywa\u0107 sukcesywnie na naszej stronie internetowej w zak\u0142adce <em>70-lecie.<\/em><\/p>\n","protected":false},"excerpt":{"rendered":"<p>Wspomnienia s\u0105 jak per\u0142y: maj\u0105 w sobie co\u015b z klejnot\u00f3w i co\u015b z \u0142ez. Kochani Absolwenci i Przyjaciele Sz\u00f3stki! Wielkimi krokami zbli\u017ca si\u0119 70-lecie VI LO, dlatego pragniemy zaprosi\u0107 wszystkich ch\u0119tnych do wsp\u00f3\u0142pracy w przygotowaniu tego jubileuszu. Aby godnie uczci\u0107 Szanown\u0105 Jubilatk\u0119, chcemy stworzy\u0107 monografi\u0119 naszej szko\u0142y, a tak\u017ce wyda\u0107 numer specjalny gazety szkolnej Zbli\u017cenia&#8230;<\/p>\n","protected":false},"author":3,"featured_media":6839,"comment_status":"open","ping_status":"open","sticky":false,"template":"","format":"gallery","meta":{"_acf_changed":false,"_s2mail":"yes","footnotes":""},"categories":[358,359,365],"tags":[],"class_list":["post-6843","post","type-post","status-publish","format-gallery","has-post-thumbnail","hentry","category-dla-rodzicow","category-dla-uczniow","category-galeria","post_format-post-format-gallery"],"acf":[],"_links":{"self":[{"href":"https:\/\/lo6.szczecin.pl\/index.php\/wp-json\/wp\/v2\/posts\/6843","targetHints":{"allow":["GET"]}}],"collection":[{"href":"https:\/\/lo6.szczecin.pl\/index.php\/wp-json\/wp\/v2\/posts"}],"about":[{"href":"https:\/\/lo6.szczecin.pl\/index.php\/wp-json\/wp\/v2\/types\/post"}],"author":[{"embeddable":true,"href":"https:\/\/lo6.szczecin.pl\/index.php\/wp-json\/wp\/v2\/users\/3"}],"replies":[{"embeddable":true,"href":"https:\/\/lo6.szczecin.pl\/index.php\/wp-json\/wp\/v2\/comments?post=6843"}],"version-history":[{"count":2,"href":"https:\/\/lo6.szczecin.pl\/index.php\/wp-json\/wp\/v2\/posts\/6843\/revisions"}],"predecessor-version":[{"id":6845,"href":"https:\/\/lo6.szczecin.pl\/index.php\/wp-json\/wp\/v2\/posts\/6843\/revisions\/6845"}],"wp:featuredmedia":[{"embeddable":true,"href":"https:\/\/lo6.szczecin.pl\/index.php\/wp-json\/wp\/v2\/media\/6839"}],"wp:attachment":[{"href":"https:\/\/lo6.szczecin.pl\/index.php\/wp-json\/wp\/v2\/media?parent=6843"}],"wp:term":[{"taxonomy":"category","embeddable":true,"href":"https:\/\/lo6.szczecin.pl\/index.php\/wp-json\/wp\/v2\/categories?post=6843"},{"taxonomy":"post_tag","embeddable":true,"href":"https:\/\/lo6.szczecin.pl\/index.php\/wp-json\/wp\/v2\/tags?post=6843"}],"curies":[{"name":"wp","href":"https:\/\/api.w.org\/{rel}","templated":true}]}}