{"id":6822,"date":"2018-08-27T13:59:24","date_gmt":"2018-08-27T11:59:24","guid":{"rendered":"http:\/\/lo6.szczecin.pl\/?p=6822"},"modified":"2018-08-27T13:59:24","modified_gmt":"2018-08-27T11:59:24","slug":"kiermasz-podrecznikow","status":"publish","type":"post","link":"https:\/\/lo6.szczecin.pl\/index.php\/2018\/08\/27\/kiermasz-podrecznikow\/","title":{"rendered":"Kiermasz podr\u0119cznik\u00f3w"},"content":{"rendered":"<p>W dniu 07 wrze\u015bnia w godzinach 9:20 &#8211; 11:10 odb\u0119dzie si\u0119 kiermasz u\u017cywanych podr\u0119cznik\u00f3w.<\/p>\n<p>Zapraszamy wszystkich uczni\u00f3w i absolwent\u00f3w do udzia\u0142u w kiermaszu.<\/p>\n","protected":false},"excerpt":{"rendered":"<p>W dniu 07 wrze\u015bnia w godzinach 9:20 &#8211; 11:10 odb\u0119dzie si\u0119 kiermasz u\u017cywanych podr\u0119cznik\u00f3w. Zapraszamy wszystkich uczni\u00f3w i absolwent\u00f3w do udzia\u0142u w kiermaszu.<\/p>\n","protected":false},"author":3,"featured_media":6823,"comment_status":"open","ping_status":"open","sticky":false,"template":"","format":"gallery","meta":{"_acf_changed":false,"_s2mail":"yes","footnotes":""},"categories":[360,358,359,365],"tags":[],"class_list":["post-6822","post","type-post","status-publish","format-gallery","has-post-thumbnail","hentry","category-dla-kandydatow","category-dla-rodzicow","category-dla-uczniow","category-galeria","post_format-post-format-gallery"],"acf":[],"_links":{"self":[{"href":"https:\/\/lo6.szczecin.pl\/index.php\/wp-json\/wp\/v2\/posts\/6822","targetHints":{"allow":["GET"]}}],"collection":[{"href":"https:\/\/lo6.szczecin.pl\/index.php\/wp-json\/wp\/v2\/posts"}],"about":[{"href":"https:\/\/lo6.szczecin.pl\/index.php\/wp-json\/wp\/v2\/types\/post"}],"author":[{"embeddable":true,"href":"https:\/\/lo6.szczecin.pl\/index.php\/wp-json\/wp\/v2\/users\/3"}],"replies":[{"embeddable":true,"href":"https:\/\/lo6.szczecin.pl\/index.php\/wp-json\/wp\/v2\/comments?post=6822"}],"version-history":[{"count":1,"href":"https:\/\/lo6.szczecin.pl\/index.php\/wp-json\/wp\/v2\/posts\/6822\/revisions"}],"predecessor-version":[{"id":6824,"href":"https:\/\/lo6.szczecin.pl\/index.php\/wp-json\/wp\/v2\/posts\/6822\/revisions\/6824"}],"wp:featuredmedia":[{"embeddable":true,"href":"https:\/\/lo6.szczecin.pl\/index.php\/wp-json\/wp\/v2\/media\/6823"}],"wp:attachment":[{"href":"https:\/\/lo6.szczecin.pl\/index.php\/wp-json\/wp\/v2\/media?parent=6822"}],"wp:term":[{"taxonomy":"category","embeddable":true,"href":"https:\/\/lo6.szczecin.pl\/index.php\/wp-json\/wp\/v2\/categories?post=6822"},{"taxonomy":"post_tag","embeddable":true,"href":"https:\/\/lo6.szczecin.pl\/index.php\/wp-json\/wp\/v2\/tags?post=6822"}],"curies":[{"name":"wp","href":"https:\/\/api.w.org\/{rel}","templated":true}]}}