{"id":6819,"date":"2018-08-27T13:40:24","date_gmt":"2018-08-27T11:40:24","guid":{"rendered":"http:\/\/lo6.szczecin.pl\/?p=6819"},"modified":"2018-09-13T14:52:57","modified_gmt":"2018-09-13T12:52:57","slug":"rozpoczecie-roku-szkolnego-20182019","status":"publish","type":"post","link":"https:\/\/lo6.szczecin.pl\/index.php\/2018\/08\/27\/rozpoczecie-roku-szkolnego-20182019\/","title":{"rendered":"Rozpocz\u0119cie roku szkolnego 2018\/2019"},"content":{"rendered":"<p><span style=\"color: #800000;\"><strong>PLAN ROZPOCZ\u0118CIA ROKU SZKOLNEGO 2018\/2019<\/strong><\/span><\/p>\n<p><strong>03.09.2018 r.:<\/strong><\/p>\n<ol>\n<li><strong>godzina 8:00<\/strong> &#8211; uroczysta Msza \u015awi\u0119ta w Bazylice Archikatedralnej p.w. \u015aw. Jakuba Aposto\u0142a<\/li>\n<li><strong>godzina 9:30<\/strong> &#8211; spotkanie wychowawc\u00f3w i uczni\u00f3w w klasach:<br \/>\n<table>\n<tbody>\n<tr>\n<td width=\"46\"><strong>Klasa<\/strong><\/td>\n<td width=\"330\"><strong>Wychowawca<\/strong><\/td>\n<td width=\"29\"><strong>Sala\/Pi\u0119tro<\/strong><\/td>\n<\/tr>\n<tr>\n<td width=\"46\">1 A<\/td>\n<td width=\"330\">Agnieszka Jelonek-Pawlik<\/td>\n<td width=\"29\">22\/2<\/td>\n<\/tr>\n<tr>\n<td width=\"46\">1 B<\/td>\n<td width=\"330\">Monika Kulasiewicz-Drula<\/td>\n<td width=\"29\">2\/parter<\/td>\n<\/tr>\n<tr>\n<td width=\"46\">1 C<\/td>\n<td width=\"330\">Magdalena Falkowska-Kleszcz<\/td>\n<td width=\"29\">25\/2<\/td>\n<\/tr>\n<tr>\n<td width=\"46\">1 D<\/td>\n<td width=\"330\">Lilianna Kitzman<\/td>\n<td width=\"29\">6\/parter<\/td>\n<\/tr>\n<tr>\n<td width=\"46\">2 A<\/td>\n<td width=\"330\">Dariusz Oko\u0144<\/td>\n<td width=\"29\">23\/2<\/td>\n<\/tr>\n<tr>\n<td width=\"46\">2 B1<\/td>\n<td width=\"330\">Anna Roman<\/td>\n<td width=\"29\">20\/2<\/td>\n<\/tr>\n<tr>\n<td width=\"46\">2 B2<\/td>\n<td width=\"330\">Zbigniew Tarnowski<\/td>\n<td width=\"29\">7\/parter<\/td>\n<\/tr>\n<tr>\n<td width=\"46\">2 C<\/td>\n<td width=\"330\">Piotr Kula<\/td>\n<td width=\"29\">14\/1<\/td>\n<\/tr>\n<tr>\n<td width=\"46\">3 A<\/td>\n<td width=\"330\">Marek P\u0142atkowski<\/td>\n<td width=\"29\">5\/parter<\/td>\n<\/tr>\n<tr>\n<td width=\"46\">3 B1<\/td>\n<td width=\"330\">Monika \u0141uczak<\/td>\n<td width=\"29\">4\/parter<\/td>\n<\/tr>\n<tr>\n<td width=\"46\">3 B2<\/td>\n<td width=\"330\">Paulina Hajdamowicz<\/td>\n<td width=\"29\">30\/3<\/td>\n<\/tr>\n<tr>\n<td width=\"46\">3 C<\/td>\n<td width=\"330\">Magdalena Bohonos<\/td>\n<td width=\"29\">24\/2<\/td>\n<\/tr>\n<\/tbody>\n<\/table>\n<\/li>\n<li><strong>godzina 10:00<\/strong> &#8211; uroczysta inauguracja roku szkolnego 2018\/2019 na boisku szkolnym.<\/li>\n<\/ol>\n<p>&nbsp;<\/p>\n<p><span style=\"color: #800000;\"><strong>UWAGA! &#8211; UCZNIOWIE I RODZICE UCZNI\u00d3W KLAS PIERWSZYCH<\/strong><\/span><\/p>\n<p>Spotkanie z rodzicami uczni\u00f3w klas pierwszych odb\u0119dzie si\u0119 <strong>w dniu 03 wrze\u015bnia 2018 r. (poniedzia\u0142ek):<\/strong><\/p>\n<ol>\n<li><strong>godzina 17:00<\/strong> &#8211; spotkanie rodzic\u00f3w uczni\u00f3w z dyrekcj\u0105, wychowawcami, pedagogiem i Rad\u0105 Rodzic\u00f3w na sali gimnastycznej &#8211; ul. Jagiello\u0144ska 62, budynek przy przystanku autobusowym linii 86 w stron\u0119 Pl. Rod\u0142a,<\/li>\n<li><strong>oko\u0142o godziny 17:45<\/strong> &#8211; spotkanie rodzic\u00f3w z wychowawcami w salach lekcyjnych w budynku szko\u0142y:<\/li>\n<\/ol>\n<table>\n<tbody>\n<tr>\n<td width=\"46\"><strong>Klasa<\/strong><\/td>\n<td width=\"330\"><strong>Wychowawca<\/strong><\/td>\n<td width=\"29\"><strong>Sala\/Pi\u0119tro<\/strong><\/td>\n<\/tr>\n<tr>\n<td width=\"46\">1 A<\/td>\n<td width=\"330\">Agnieszka Jelonek-Pawlik<\/td>\n<td width=\"29\">22\/2<\/td>\n<\/tr>\n<tr>\n<td width=\"46\">1 B<\/td>\n<td width=\"330\">Monika Kulasiewicz-Drula<\/td>\n<td width=\"29\">2\/parter<\/td>\n<\/tr>\n<tr>\n<td width=\"46\">1 C<\/td>\n<td width=\"330\">Magdalena Falkowska-Kleszcz<\/td>\n<td width=\"29\">25\/2<\/td>\n<\/tr>\n<tr>\n<td width=\"46\">1 D<\/td>\n<td width=\"330\">Lilianna Kitzman<\/td>\n<td width=\"29\">6\/parter<\/td>\n<\/tr>\n<\/tbody>\n<\/table>\n<p>&nbsp;<\/p>\n<p><strong>Obowi\u0105zkowy ob\u00f3z integracyjny odb\u0119dzie si\u0119 w dniach 04-06 wrze\u015bnia 2018 r. w O\u015brodku Wczasowym Wrzos w \u0141uk\u0119cinie. Koszt &#8211; oko\u0142o 260 z\u0142.<\/strong><\/p>\n<p><strong>Wyjazd w dniu 04 wrze\u015bnia o godzinie 7:30, powr\u00f3t 06 wrze\u015bnia oko\u0142o godziny 17:00-18:00.<\/strong><\/p>\n<p><strong>Do 07 wrze\u015bnia do wychowawcy klasy nale\u017cy dostarczy\u0107: kart\u0119 zdrowia i dwa opisane na odwrocie zdj\u0119cia legitymacyjne.<\/strong><\/p>\n<p><strong>W dniu 07 wrze\u015bnia w godzinach 9:20 &#8211; 11:10 odb\u0119dzie si\u0119 kiermasz u\u017cywanych podr\u0119cznik\u00f3w.<\/strong><\/p>\n<p>&nbsp;<\/p>\n","protected":false},"excerpt":{"rendered":"<p>PLAN ROZPOCZ\u0118CIA ROKU SZKOLNEGO 2018\/2019 03.09.2018 r.: godzina 8:00 &#8211; uroczysta Msza \u015awi\u0119ta w Bazylice Archikatedralnej p.w. \u015aw. Jakuba Aposto\u0142a godzina 9:30 &#8211; spotkanie wychowawc\u00f3w i uczni\u00f3w w klasach: Klasa Wychowawca Sala\/Pi\u0119tro 1 A Agnieszka Jelonek-Pawlik 22\/2 1 B Monika Kulasiewicz-Drula 2\/parter 1 C Magdalena Falkowska-Kleszcz 25\/2 1 D Lilianna Kitzman 6\/parter 2 A Dariusz&#8230;<\/p>\n","protected":false},"author":3,"featured_media":6817,"comment_status":"open","ping_status":"open","sticky":false,"template":"","format":"gallery","meta":{"_acf_changed":false,"_s2mail":"yes","footnotes":""},"categories":[360,358,359,365],"tags":[],"class_list":["post-6819","post","type-post","status-publish","format-gallery","has-post-thumbnail","hentry","category-dla-kandydatow","category-dla-rodzicow","category-dla-uczniow","category-galeria","post_format-post-format-gallery"],"acf":[],"_links":{"self":[{"href":"https:\/\/lo6.szczecin.pl\/index.php\/wp-json\/wp\/v2\/posts\/6819","targetHints":{"allow":["GET"]}}],"collection":[{"href":"https:\/\/lo6.szczecin.pl\/index.php\/wp-json\/wp\/v2\/posts"}],"about":[{"href":"https:\/\/lo6.szczecin.pl\/index.php\/wp-json\/wp\/v2\/types\/post"}],"author":[{"embeddable":true,"href":"https:\/\/lo6.szczecin.pl\/index.php\/wp-json\/wp\/v2\/users\/3"}],"replies":[{"embeddable":true,"href":"https:\/\/lo6.szczecin.pl\/index.php\/wp-json\/wp\/v2\/comments?post=6819"}],"version-history":[{"count":2,"href":"https:\/\/lo6.szczecin.pl\/index.php\/wp-json\/wp\/v2\/posts\/6819\/revisions"}],"predecessor-version":[{"id":6821,"href":"https:\/\/lo6.szczecin.pl\/index.php\/wp-json\/wp\/v2\/posts\/6819\/revisions\/6821"}],"wp:featuredmedia":[{"embeddable":true,"href":"https:\/\/lo6.szczecin.pl\/index.php\/wp-json\/wp\/v2\/media\/6817"}],"wp:attachment":[{"href":"https:\/\/lo6.szczecin.pl\/index.php\/wp-json\/wp\/v2\/media?parent=6819"}],"wp:term":[{"taxonomy":"category","embeddable":true,"href":"https:\/\/lo6.szczecin.pl\/index.php\/wp-json\/wp\/v2\/categories?post=6819"},{"taxonomy":"post_tag","embeddable":true,"href":"https:\/\/lo6.szczecin.pl\/index.php\/wp-json\/wp\/v2\/tags?post=6819"}],"curies":[{"name":"wp","href":"https:\/\/api.w.org\/{rel}","templated":true}]}}