{"id":6809,"date":"2018-07-20T12:31:38","date_gmt":"2018-07-20T10:31:38","guid":{"rendered":"http:\/\/lo6.szczecin.pl\/?p=6809"},"modified":"2018-07-20T13:20:05","modified_gmt":"2018-07-20T11:20:05","slug":"egzaminy-poprawkowe-2018","status":"publish","type":"post","link":"https:\/\/lo6.szczecin.pl\/index.php\/2018\/07\/20\/egzaminy-poprawkowe-2018\/","title":{"rendered":"EGZAMINY POPRAWKOWE 2018"},"content":{"rendered":"<p><strong>Ustny i pisemny <em>Egzamin Maturalny 2018<\/em> <\/strong>(w terminie poprawkowym) odb\u0119dzie si\u0119 dnia 21 sierpnia o godzinie 9:00 (obecno\u015b\u0107 w szkole na p\u00f3\u0142 godziny przed czasem rozpocz\u0119cie egzaminu).<\/p>\n<p>&nbsp;<\/p>\n<p><strong>Egzaminy poprawkowe<\/strong><\/p>\n<p>28 sierpnia, godz. 9.00:<\/p>\n<ul>\n<li>j\u0119zyk polski,<\/li>\n<li>j\u0119zyk angielski,<\/li>\n<li>geografia.<\/li>\n<\/ul>\n<p>29 sierpnia, godz. 9.00<\/p>\n<ul>\n<li>biologia,<\/li>\n<li>matematyka,<\/li>\n<li>chemia.<\/li>\n<\/ul>\n<p>Konsultacje ze wszystkich przedmiot\u00f3w przed egzaminem poprawkowym w dniu 27 sierpnia (poniedzia\u0142ek)\u00a0&#8211; nauczyciele ucz\u0105cy danych uczni\u00f3w, w godz. 9.00\u00a0&#8211; 11.00.<\/p>\n<p>&nbsp;<\/p>\n<p><strong>\u00a0<\/strong><\/p>\n","protected":false},"excerpt":{"rendered":"<p>Ustny i pisemny Egzamin Maturalny 2018 (w terminie poprawkowym) odb\u0119dzie si\u0119 dnia 21 sierpnia o godzinie 9:00 (obecno\u015b\u0107 w szkole na p\u00f3\u0142 godziny przed czasem rozpocz\u0119cie egzaminu). &nbsp; Egzaminy poprawkowe 28 sierpnia, godz. 9.00: j\u0119zyk polski, j\u0119zyk angielski, geografia. 29 sierpnia, godz. 9.00 biologia, matematyka, chemia. Konsultacje ze wszystkich przedmiot\u00f3w przed egzaminem poprawkowym w dniu&#8230;<\/p>\n","protected":false},"author":3,"featured_media":6813,"comment_status":"open","ping_status":"open","sticky":false,"template":"","format":"gallery","meta":{"_acf_changed":false,"_s2mail":"yes","footnotes":""},"categories":[358,359,365],"tags":[],"class_list":["post-6809","post","type-post","status-publish","format-gallery","has-post-thumbnail","hentry","category-dla-rodzicow","category-dla-uczniow","category-galeria","post_format-post-format-gallery"],"acf":[],"_links":{"self":[{"href":"https:\/\/lo6.szczecin.pl\/index.php\/wp-json\/wp\/v2\/posts\/6809","targetHints":{"allow":["GET"]}}],"collection":[{"href":"https:\/\/lo6.szczecin.pl\/index.php\/wp-json\/wp\/v2\/posts"}],"about":[{"href":"https:\/\/lo6.szczecin.pl\/index.php\/wp-json\/wp\/v2\/types\/post"}],"author":[{"embeddable":true,"href":"https:\/\/lo6.szczecin.pl\/index.php\/wp-json\/wp\/v2\/users\/3"}],"replies":[{"embeddable":true,"href":"https:\/\/lo6.szczecin.pl\/index.php\/wp-json\/wp\/v2\/comments?post=6809"}],"version-history":[{"count":3,"href":"https:\/\/lo6.szczecin.pl\/index.php\/wp-json\/wp\/v2\/posts\/6809\/revisions"}],"predecessor-version":[{"id":6815,"href":"https:\/\/lo6.szczecin.pl\/index.php\/wp-json\/wp\/v2\/posts\/6809\/revisions\/6815"}],"wp:featuredmedia":[{"embeddable":true,"href":"https:\/\/lo6.szczecin.pl\/index.php\/wp-json\/wp\/v2\/media\/6813"}],"wp:attachment":[{"href":"https:\/\/lo6.szczecin.pl\/index.php\/wp-json\/wp\/v2\/media?parent=6809"}],"wp:term":[{"taxonomy":"category","embeddable":true,"href":"https:\/\/lo6.szczecin.pl\/index.php\/wp-json\/wp\/v2\/categories?post=6809"},{"taxonomy":"post_tag","embeddable":true,"href":"https:\/\/lo6.szczecin.pl\/index.php\/wp-json\/wp\/v2\/tags?post=6809"}],"curies":[{"name":"wp","href":"https:\/\/api.w.org\/{rel}","templated":true}]}}