{"id":6761,"date":"2018-06-18T07:00:07","date_gmt":"2018-06-18T05:00:07","guid":{"rendered":"http:\/\/lo6.szczecin.pl\/?p=6761"},"modified":"2018-06-14T12:14:10","modified_gmt":"2018-06-14T10:14:10","slug":"uroczyste-zakonczenie-roku-szkolnego-20172018","status":"publish","type":"post","link":"https:\/\/lo6.szczecin.pl\/index.php\/2018\/06\/18\/uroczyste-zakonczenie-roku-szkolnego-20172018\/","title":{"rendered":"Uroczyste Zako\u0144czenie Roku Szkolnego 2017\/2018"},"content":{"rendered":"<p>Dnia 22.06.2018 roku (w pi\u0105tek) o godz. 9:00 na boisku szkolnym,\u00a0odb\u0119dzie si\u0119 Uroczyste Zako\u0144czenie Roku Szkolnego 2017\/2018 VI Liceum Og\u00f3lnokszta\u0142c\u0105cego im. Stefana Czarnieckiego w Szczecinie. Uroczysto\u015b\u0107 szkolna zostanie poprzedzona Zako\u0144czeniem Roku Katechetycznego 2017\/2018 Msz\u0105 \u015awi\u0119t\u0105 w dniu 21.06.2018 r. o godz. 10:00 w ko\u015bciele parafialnym pw. \u015bw. Andrzeja Boboli w Szczecinie.<\/p>\n<p>Serdecznie zapraszamy Rodzic\u00f3w\u00a0uczni\u00f3w VI LO\u00a0do udzia\u0142u w tym wydarzeniu.<\/p>\n","protected":false},"excerpt":{"rendered":"<p>Dnia 22.06.2018 roku (w pi\u0105tek) o godz. 9:00 na boisku szkolnym,\u00a0odb\u0119dzie si\u0119 Uroczyste Zako\u0144czenie Roku Szkolnego 2017\/2018 VI Liceum Og\u00f3lnokszta\u0142c\u0105cego im. Stefana Czarnieckiego w Szczecinie. Uroczysto\u015b\u0107 szkolna zostanie poprzedzona Zako\u0144czeniem Roku Katechetycznego 2017\/2018 Msz\u0105 \u015awi\u0119t\u0105 w dniu 21.06.2018 r. o godz. 10:00 w ko\u015bciele parafialnym pw. \u015bw. Andrzeja Boboli w Szczecinie. Serdecznie zapraszamy Rodzic\u00f3w\u00a0uczni\u00f3w VI&#8230;<\/p>\n","protected":false},"author":3,"featured_media":6762,"comment_status":"open","ping_status":"open","sticky":false,"template":"","format":"gallery","meta":{"_acf_changed":false,"_s2mail":"yes","footnotes":""},"categories":[360,358,359,365],"tags":[],"class_list":["post-6761","post","type-post","status-publish","format-gallery","has-post-thumbnail","hentry","category-dla-kandydatow","category-dla-rodzicow","category-dla-uczniow","category-galeria","post_format-post-format-gallery"],"acf":[],"_links":{"self":[{"href":"https:\/\/lo6.szczecin.pl\/index.php\/wp-json\/wp\/v2\/posts\/6761","targetHints":{"allow":["GET"]}}],"collection":[{"href":"https:\/\/lo6.szczecin.pl\/index.php\/wp-json\/wp\/v2\/posts"}],"about":[{"href":"https:\/\/lo6.szczecin.pl\/index.php\/wp-json\/wp\/v2\/types\/post"}],"author":[{"embeddable":true,"href":"https:\/\/lo6.szczecin.pl\/index.php\/wp-json\/wp\/v2\/users\/3"}],"replies":[{"embeddable":true,"href":"https:\/\/lo6.szczecin.pl\/index.php\/wp-json\/wp\/v2\/comments?post=6761"}],"version-history":[{"count":2,"href":"https:\/\/lo6.szczecin.pl\/index.php\/wp-json\/wp\/v2\/posts\/6761\/revisions"}],"predecessor-version":[{"id":6764,"href":"https:\/\/lo6.szczecin.pl\/index.php\/wp-json\/wp\/v2\/posts\/6761\/revisions\/6764"}],"wp:featuredmedia":[{"embeddable":true,"href":"https:\/\/lo6.szczecin.pl\/index.php\/wp-json\/wp\/v2\/media\/6762"}],"wp:attachment":[{"href":"https:\/\/lo6.szczecin.pl\/index.php\/wp-json\/wp\/v2\/media?parent=6761"}],"wp:term":[{"taxonomy":"category","embeddable":true,"href":"https:\/\/lo6.szczecin.pl\/index.php\/wp-json\/wp\/v2\/categories?post=6761"},{"taxonomy":"post_tag","embeddable":true,"href":"https:\/\/lo6.szczecin.pl\/index.php\/wp-json\/wp\/v2\/tags?post=6761"}],"curies":[{"name":"wp","href":"https:\/\/api.w.org\/{rel}","templated":true}]}}