{"id":6754,"date":"2018-06-14T09:24:37","date_gmt":"2018-06-14T07:24:37","guid":{"rendered":"http:\/\/lo6.szczecin.pl\/?p=6754"},"modified":"2018-06-14T09:25:13","modified_gmt":"2018-06-14T07:25:13","slug":"6754","status":"publish","type":"post","link":"https:\/\/lo6.szczecin.pl\/index.php\/2018\/06\/14\/6754\/","title":{"rendered":"Inauguracja projektu edukacyjnego &#8220;Obywatele polscy w KL Auschwitz&#8221; z udzia\u0142em wiceministra Macieja Kopcia"},"content":{"rendered":"<h3 class=\"post-title\">W\u00a0\u015brod\u0119, 13 czerwca br. wiceminister edukacji wzi\u0105\u0142 udzia\u0142 w konferencji inauguruj\u0105cej projekt, kt\u00f3ry ma na celu upowszechnienie w\u015br\u00f3d m\u0142odego pokolenia wiedzy o losach polskich obywateli osadzonych w niemieckim, nazistowskim obozie KL Auschwitz. W wydarzeniu uczestniczyli r\u00f3wnie\u017c przedstawiciele Kuratori\u00f3w O\u015bwiaty i nauczyciele.<\/h3>\n<div class=\"entry\">\n<div class=\"entry-inner\">\n<p>Adresatami projektu s\u0105 uczniowie powy\u017cej 14 lat i ich nauczyciele. Ma on s\u0142u\u017cy\u0107 przygotowaniu reprezentacji nauczycieli z ca\u0142ej Polski do skutecznego realizowania procesu edukacji historycznej. Wa\u017cnym elementem projektu jest zaplanowane t\u0142umaczenie na j\u0119zyk angielski i hebrajski: filmu dokumentalnego ?\u015awiadkowie. Obywatele RP w Auschwitz? (portrety obywateli polskich deportowanych i wi\u0119zionych w obozie, w kontek\u015bcie historii powstania oraz funkcjonowania Auschwitz-Birkenau, a tak\u017ce ca\u0142ego niemieckiego aparatu mordu i terroru) oraz pakietu edukacyjnego ?Polscy obywatele w KL Auschwitz?.<\/p>\n<p>Dzi\u0119ki t\u0142umaczeniu mo\u017cliwe b\u0119dzie upowszechnienie projektu poza granicami Polski i tym samym podniesienie stopnia \u015bwiadomo\u015bci na temat los\u00f3w obywateli polskich w KL Auschwitz, nie tylko w\u015br\u00f3d polskiej m\u0142odzie\u017cy, ale r\u00f3wnie\u017c jej r\u00f3wie\u015bnik\u00f3w na \u015bwiecie.<\/p>\n<p>Ministerstwo Edukacji Narodowej przyk\u0142ada du\u017c\u0105 wag\u0119 do dzia\u0142a\u0144 na rzecz dostarczania nauczycielom materia\u0142\u00f3w informacyjnych i narz\u0119dzi do przekazywania informacji o efektach polityki niemieckiego okupanta wobec obywateli polskich. Celem ma by\u0107 umo\u017cliwienie m\u0142odym ludziom uzyskania rzetelnej wiedzy w tym zakresie.<\/p>\n<p>Podczas spotkania wiceminister Maciej Kope\u0107 wyrazi\u0142 nadziej\u0119, \u017ce projekt ?Obywatele polscy w KL Auschwitz? b\u0119dzie skutecznym narz\u0119dziem do pracy z m\u0142odzie\u017c\u0105 w Polsce, jak i poza granicami naszego kraju.<\/p>\n<p>Projekt ?Obywatele polscy w KL Auschwitz? jest realizowany przez Mi\u0119dzynarodowe Centrum Edukacji o Auschwitz i Holokau\u015bcie oraz Fundacj\u0119 Wiara i Prawda, we wsp\u00f3\u0142pracy z Fundacj\u0105 Rozwoju Systemu Edukacji.<\/p>\n<p>&nbsp;<\/p>\n<p>Nale\u017cy pami\u0119ta\u0107, \u017ce ob\u00f3z koncentracyjny Auschwitz zosta\u0142 zorganizowany dla Polak\u00f3w i oni te\u017c byli pierwszymi jego wi\u0119\u017aniami politycznymi. Podstawowym celem polityki niemieckiej na obszarze okupowanej Polski, po zlikwidowaniu polskiego pa\u0144stwa i jego instytucji, by\u0142a eksploatacja zasob\u00f3w materialnych, si\u0142y roboczej oraz usuwanie z jej terenu miejscowej ludno\u015bci ? Polak\u00f3w i cz\u0142onk\u00f3w mniejszo\u015bci narodowych. Odbywa\u0142o si\u0119 to przez ich wysiedlenie i systematyczn\u0105 eksterminacj\u0119. Ziemie polskie mia\u0142y by\u0107 ca\u0142kowicie zgermanizowane przez zasiedlenie Niemcami opustosza\u0142ych teren\u00f3w.<\/p>\n<p>Pierwszy transport Polak\u00f3w dotar\u0142 do KL Auschwitz 14 czerwca 1940 r. z wi\u0119zienia w Tarnowie. Pocz\u0105tkowo mia\u0142 to by\u0107 kolejny z oboz\u00f3w koncentracyjnych, tworzonych przez nazist\u00f3w ju\u017c od pocz\u0105tku lat trzydziestych. Funkcj\u0119 t\u0119 Auschwitz spe\u0142nia\u0142 przez ca\u0142y okres swego istnienia, tak\u017ce gdy ? od 1942 r. ? sta\u0142 si\u0119 r\u00f3wnocze\u015bnie jednym z o\u015brodk\u00f3w ?Endl\u00f6sung der Judenfrage? (ostatecznego rozwi\u0105zania kwestii \u017cydowskiej).<\/p>\n<p>W wyniku ci\u0105g\u0142ego nap\u0142ywu nowych transport\u00f3w systematycznie wzrasta\u0142a liczebno\u015b\u0107 wi\u0119\u017ani\u00f3w. W 1940 r. osadzono w obozie blisko 8 tys. ludzi. Byli to prawie wy\u0142\u0105cznie Polacy. \u0141\u0105cznie wed\u0142ug szacunkowych danych do KL Auschwitz przywieziono transportami bezpo\u015brednimi lub tzw. zbiorowymi oko\u0142o 130-140 tys. Polak\u00f3w, kt\u00f3rych uj\u0119to w ewidencji numerowej, a tak\u017ce oko\u0142o 10 tys. Polak\u00f3w, kt\u00f3rych nie umieszczono w ewidencji numerowej (m.in. wi\u0119\u017ani\u00f3w policyjnych) i zabito w obozie. Szacuje si\u0119, \u017ce co najmniej po\u0142owa osadzonych w obozie Polak\u00f3w zgin\u0119\u0142a tam na skutek: g\u0142odu, bicia, chor\u00f3b, nadmiernej pracy, braku opieki lekarskiej, egzekucji przez rozstrzelanie albo zastrzyk fenolu, lub w komorach gazowych.<\/p>\n<\/div>\n<p><span data-offset-key=\"d1i1v-0-0\">Nasz\u0105 szko\u0142\u0119 reprezentowa\u0142 na spotkaniu Pan Dariusz Oko\u0144.<\/span><\/p>\n<p>\u0179r\u00f3d\u0142o: https:\/\/men.gov.pl\/ministerstwo\/informacje\/inauguracja-projektu-edukacyjnego-obywatele-polscy-w-kl-auschwitz-z-udzialem-wiceministra-macieja-kopcia.html#prettyPhoto<\/p>\n<\/div>\n","protected":false},"excerpt":{"rendered":"<p>W\u00a0\u015brod\u0119, 13 czerwca br. wiceminister edukacji wzi\u0105\u0142 udzia\u0142 w konferencji inauguruj\u0105cej projekt, kt\u00f3ry ma na celu upowszechnienie w\u015br\u00f3d m\u0142odego pokolenia wiedzy o losach polskich obywateli osadzonych w niemieckim, nazistowskim obozie KL Auschwitz. W wydarzeniu uczestniczyli r\u00f3wnie\u017c przedstawiciele Kuratori\u00f3w O\u015bwiaty i nauczyciele. Adresatami projektu s\u0105 uczniowie powy\u017cej 14 lat i ich nauczyciele. Ma on s\u0142u\u017cy\u0107 przygotowaniu&#8230;<\/p>\n","protected":false},"author":3,"featured_media":6755,"comment_status":"open","ping_status":"open","sticky":false,"template":"","format":"gallery","meta":{"_acf_changed":false,"_s2mail":"yes","footnotes":""},"categories":[360,358,359,365],"tags":[],"class_list":["post-6754","post","type-post","status-publish","format-gallery","has-post-thumbnail","hentry","category-dla-kandydatow","category-dla-rodzicow","category-dla-uczniow","category-galeria","post_format-post-format-gallery"],"acf":[],"_links":{"self":[{"href":"https:\/\/lo6.szczecin.pl\/index.php\/wp-json\/wp\/v2\/posts\/6754","targetHints":{"allow":["GET"]}}],"collection":[{"href":"https:\/\/lo6.szczecin.pl\/index.php\/wp-json\/wp\/v2\/posts"}],"about":[{"href":"https:\/\/lo6.szczecin.pl\/index.php\/wp-json\/wp\/v2\/types\/post"}],"author":[{"embeddable":true,"href":"https:\/\/lo6.szczecin.pl\/index.php\/wp-json\/wp\/v2\/users\/3"}],"replies":[{"embeddable":true,"href":"https:\/\/lo6.szczecin.pl\/index.php\/wp-json\/wp\/v2\/comments?post=6754"}],"version-history":[{"count":3,"href":"https:\/\/lo6.szczecin.pl\/index.php\/wp-json\/wp\/v2\/posts\/6754\/revisions"}],"predecessor-version":[{"id":6759,"href":"https:\/\/lo6.szczecin.pl\/index.php\/wp-json\/wp\/v2\/posts\/6754\/revisions\/6759"}],"wp:featuredmedia":[{"embeddable":true,"href":"https:\/\/lo6.szczecin.pl\/index.php\/wp-json\/wp\/v2\/media\/6755"}],"wp:attachment":[{"href":"https:\/\/lo6.szczecin.pl\/index.php\/wp-json\/wp\/v2\/media?parent=6754"}],"wp:term":[{"taxonomy":"category","embeddable":true,"href":"https:\/\/lo6.szczecin.pl\/index.php\/wp-json\/wp\/v2\/categories?post=6754"},{"taxonomy":"post_tag","embeddable":true,"href":"https:\/\/lo6.szczecin.pl\/index.php\/wp-json\/wp\/v2\/tags?post=6754"}],"curies":[{"name":"wp","href":"https:\/\/api.w.org\/{rel}","templated":true}]}}