{"id":6747,"date":"2018-06-13T07:56:57","date_gmt":"2018-06-13T05:56:57","guid":{"rendered":"http:\/\/lo6.szczecin.pl\/?p=6747"},"modified":"2018-06-13T11:44:01","modified_gmt":"2018-06-13T09:44:01","slug":"bezplatne-podreczniki-i-wyprawka-dla-uczniow-dobry-start","status":"publish","type":"post","link":"https:\/\/lo6.szczecin.pl\/index.php\/2018\/06\/13\/bezplatne-podreczniki-i-wyprawka-dla-uczniow-dobry-start\/","title":{"rendered":"Bezp\u0142atne podr\u0119czniki i wyprawka dla uczni\u00f3w &#8220;Dobry start&#8221;"},"content":{"rendered":"<h3 class=\"post-title\">Rz\u0105dowy program &#8220;Dobry Start&#8221;<\/h3>\n<div class=\"entry\">\n<div class=\"entry-inner\">\n<p>Co roku, w sierpniu na ka\u017cde ucz\u0105ce si\u0119 dziecko rodzice otrzymaj\u0105 300 z\u0142 na wyprawk\u0119 dla ucznia. Program b\u0119dzie powszechny. To rodzice zdecyduj\u0105, na co wyda\u0107 te pieni\u0105dze. Jednym s\u0142owem darmowe podr\u0119czniki plus 300 z\u0142 na ka\u017cde dziecko w szkole.<\/p>\n<p>List minister edukacji i minister rodziny do dyrektor\u00f3w szk\u00f3\u0142: https:\/\/men.gov.pl\/strony\/list-minister-edukacji-i-minister-rodziny-do-dyrektorow-szkol.html<\/p>\n<p>Wi\u0119cej informacji na:<\/p>\n<p><a href=\"https:\/\/men.gov.pl\/ministerstwo\/informacje\/rzadowy-program-dobry-start-inauguracja-kampanii-informacyjnej.html\">https:\/\/men.gov.pl\/ministerstwo\/informacje\/rzadowy-program-dobry-start-inauguracja-kampanii-informacyjnej.html<\/a><\/p>\n<p><a href=\"https:\/\/men.gov.pl\/ministerstwo\/informacje\/bezplatne-podreczniki-i-wyprawka-dla-uczniow-dobry-start.html\">https:\/\/men.gov.pl\/ministerstwo\/informacje\/bezplatne-podreczniki-i-wyprawka-dla-uczniow-dobry-start.html<\/a><\/p>\n<\/div>\n<p>&nbsp;<\/p>\n<\/div>\n","protected":false},"excerpt":{"rendered":"<p>Rz\u0105dowy program &#8220;Dobry Start&#8221; Co roku, w sierpniu na ka\u017cde ucz\u0105ce si\u0119 dziecko rodzice otrzymaj\u0105 300 z\u0142 na wyprawk\u0119 dla ucznia. Program b\u0119dzie powszechny. To rodzice zdecyduj\u0105, na co wyda\u0107 te pieni\u0105dze. Jednym s\u0142owem darmowe podr\u0119czniki plus 300 z\u0142 na ka\u017cde dziecko w szkole. List minister edukacji i minister rodziny do dyrektor\u00f3w szk\u00f3\u0142: https:\/\/men.gov.pl\/strony\/list-minister-edukacji-i-minister-rodziny-do-dyrektorow-szkol.html Wi\u0119cej&#8230;<\/p>\n","protected":false},"author":3,"featured_media":6748,"comment_status":"open","ping_status":"open","sticky":false,"template":"","format":"gallery","meta":{"_acf_changed":false,"_s2mail":"yes","footnotes":""},"categories":[360,358,359,365],"tags":[],"class_list":["post-6747","post","type-post","status-publish","format-gallery","has-post-thumbnail","hentry","category-dla-kandydatow","category-dla-rodzicow","category-dla-uczniow","category-galeria","post_format-post-format-gallery"],"acf":[],"_links":{"self":[{"href":"https:\/\/lo6.szczecin.pl\/index.php\/wp-json\/wp\/v2\/posts\/6747","targetHints":{"allow":["GET"]}}],"collection":[{"href":"https:\/\/lo6.szczecin.pl\/index.php\/wp-json\/wp\/v2\/posts"}],"about":[{"href":"https:\/\/lo6.szczecin.pl\/index.php\/wp-json\/wp\/v2\/types\/post"}],"author":[{"embeddable":true,"href":"https:\/\/lo6.szczecin.pl\/index.php\/wp-json\/wp\/v2\/users\/3"}],"replies":[{"embeddable":true,"href":"https:\/\/lo6.szczecin.pl\/index.php\/wp-json\/wp\/v2\/comments?post=6747"}],"version-history":[{"count":3,"href":"https:\/\/lo6.szczecin.pl\/index.php\/wp-json\/wp\/v2\/posts\/6747\/revisions"}],"predecessor-version":[{"id":6753,"href":"https:\/\/lo6.szczecin.pl\/index.php\/wp-json\/wp\/v2\/posts\/6747\/revisions\/6753"}],"wp:featuredmedia":[{"embeddable":true,"href":"https:\/\/lo6.szczecin.pl\/index.php\/wp-json\/wp\/v2\/media\/6748"}],"wp:attachment":[{"href":"https:\/\/lo6.szczecin.pl\/index.php\/wp-json\/wp\/v2\/media?parent=6747"}],"wp:term":[{"taxonomy":"category","embeddable":true,"href":"https:\/\/lo6.szczecin.pl\/index.php\/wp-json\/wp\/v2\/categories?post=6747"},{"taxonomy":"post_tag","embeddable":true,"href":"https:\/\/lo6.szczecin.pl\/index.php\/wp-json\/wp\/v2\/tags?post=6747"}],"curies":[{"name":"wp","href":"https:\/\/api.w.org\/{rel}","templated":true}]}}