{"id":6722,"date":"2018-06-11T08:22:03","date_gmt":"2018-06-11T06:22:03","guid":{"rendered":"http:\/\/lo6.szczecin.pl\/?p=6722"},"modified":"2018-06-11T08:22:03","modified_gmt":"2018-06-11T06:22:03","slug":"zwrot-ksiazek-do-biblioteki-szkolnej","status":"publish","type":"post","link":"https:\/\/lo6.szczecin.pl\/index.php\/2018\/06\/11\/zwrot-ksiazek-do-biblioteki-szkolnej\/","title":{"rendered":"ZWROT KSI\u0104\u017bEK DO BIBLIOTEKI SZKOLNEJ"},"content":{"rendered":"<div class=\"wpb_wrapper\">\n<p><span style=\"color: #333333; font-family: 'Georgia','serif'; font-size: 12pt;\">Ksi\u0105\u017cki do biblioteki szkolnej nale\u017cy zwr\u00f3ci\u0107 w terminie do <strong><span style=\"font-family: 'Georgia','serif';\">15 czerwca (pi\u0105tek)<\/span><\/strong>.<\/span><\/p>\n<p><span style=\"color: #333333; font-family: 'Georgia','serif'; font-size: 12pt;\">Po zwr\u00f3ceniu zaleg\u0142o\u015bci jest mo\u017cliwo\u015b\u0107 wypo\u017cyczenia ksi\u0105\u017cki na wakacje.<\/span><\/p>\n<p>&nbsp;<\/p>\n<\/div>\n","protected":false},"excerpt":{"rendered":"<p>Ksi\u0105\u017cki do biblioteki szkolnej nale\u017cy zwr\u00f3ci\u0107 w terminie do 15 czerwca (pi\u0105tek). Po zwr\u00f3ceniu zaleg\u0142o\u015bci jest mo\u017cliwo\u015b\u0107 wypo\u017cyczenia ksi\u0105\u017cki na wakacje. &nbsp;<\/p>\n","protected":false},"author":3,"featured_media":6088,"comment_status":"open","ping_status":"open","sticky":false,"template":"","format":"standard","meta":{"_acf_changed":false,"_s2mail":"yes","footnotes":""},"categories":[360,358,359],"tags":[],"class_list":["post-6722","post","type-post","status-publish","format-standard","has-post-thumbnail","hentry","category-dla-kandydatow","category-dla-rodzicow","category-dla-uczniow"],"acf":[],"_links":{"self":[{"href":"https:\/\/lo6.szczecin.pl\/index.php\/wp-json\/wp\/v2\/posts\/6722","targetHints":{"allow":["GET"]}}],"collection":[{"href":"https:\/\/lo6.szczecin.pl\/index.php\/wp-json\/wp\/v2\/posts"}],"about":[{"href":"https:\/\/lo6.szczecin.pl\/index.php\/wp-json\/wp\/v2\/types\/post"}],"author":[{"embeddable":true,"href":"https:\/\/lo6.szczecin.pl\/index.php\/wp-json\/wp\/v2\/users\/3"}],"replies":[{"embeddable":true,"href":"https:\/\/lo6.szczecin.pl\/index.php\/wp-json\/wp\/v2\/comments?post=6722"}],"version-history":[{"count":1,"href":"https:\/\/lo6.szczecin.pl\/index.php\/wp-json\/wp\/v2\/posts\/6722\/revisions"}],"predecessor-version":[{"id":6723,"href":"https:\/\/lo6.szczecin.pl\/index.php\/wp-json\/wp\/v2\/posts\/6722\/revisions\/6723"}],"wp:featuredmedia":[{"embeddable":true,"href":"https:\/\/lo6.szczecin.pl\/index.php\/wp-json\/wp\/v2\/media\/6088"}],"wp:attachment":[{"href":"https:\/\/lo6.szczecin.pl\/index.php\/wp-json\/wp\/v2\/media?parent=6722"}],"wp:term":[{"taxonomy":"category","embeddable":true,"href":"https:\/\/lo6.szczecin.pl\/index.php\/wp-json\/wp\/v2\/categories?post=6722"},{"taxonomy":"post_tag","embeddable":true,"href":"https:\/\/lo6.szczecin.pl\/index.php\/wp-json\/wp\/v2\/tags?post=6722"}],"curies":[{"name":"wp","href":"https:\/\/api.w.org\/{rel}","templated":true}]}}