{"id":6720,"date":"2018-06-11T08:18:45","date_gmt":"2018-06-11T06:18:45","guid":{"rendered":"http:\/\/lo6.szczecin.pl\/?p=6720"},"modified":"2018-06-11T08:22:38","modified_gmt":"2018-06-11T06:22:38","slug":"kiermasz-uzywanych-podrecznikow","status":"publish","type":"post","link":"https:\/\/lo6.szczecin.pl\/index.php\/2018\/06\/11\/kiermasz-uzywanych-podrecznikow\/","title":{"rendered":"KIERMASZ  U\u017bYWANYCH PODR\u0118CZNIK\u00d3W"},"content":{"rendered":"<p><span style=\"color: #666666; font-family: 'Helvetica','sans-serif'; font-size: 12pt;\">We <strong><span style=\"font-family: 'Helvetica','sans-serif';\">wtorek 19 czerwca godz. 10:00-13:00 <\/span><\/strong>odb\u0119dzie si\u0119<strong><span style=\"font-family: 'Helvetica','sans-serif';\"> KIERMASZ \u00a0U\u017bYWANYCH PODR\u0118CZNIK\u00d3W.<\/span><\/strong><\/span><\/p>\n<p><span style=\"color: #666666; font-family: 'Helvetica','sans-serif'; font-size: 12pt;\">Miejsce organizacji kiermaszu\u00a0to korytarz na parterze szko\u0142y.<\/span><\/p>\n<p><span style=\"color: #666666; font-family: 'Helvetica','sans-serif'; font-size: 12pt;\">Uczni\u00f3w ch\u0119tnych do sprzeda\u017cy i zakupu u\u017cywanych podr\u0119cznik\u00f3w zapraszamy do udzia\u0142u w kiermaszu.<\/span><\/p>\n<p>&nbsp;<\/p>\n","protected":false},"excerpt":{"rendered":"<p>We wtorek 19 czerwca godz. 10:00-13:00 odb\u0119dzie si\u0119 KIERMASZ \u00a0U\u017bYWANYCH PODR\u0118CZNIK\u00d3W. Miejsce organizacji kiermaszu\u00a0to korytarz na parterze szko\u0142y. Uczni\u00f3w ch\u0119tnych do sprzeda\u017cy i zakupu u\u017cywanych podr\u0119cznik\u00f3w zapraszamy do udzia\u0142u w kiermaszu. &nbsp;<\/p>\n","protected":false},"author":3,"featured_media":5449,"comment_status":"open","ping_status":"open","sticky":false,"template":"","format":"standard","meta":{"_acf_changed":false,"_s2mail":"yes","footnotes":""},"categories":[360,358,359],"tags":[],"class_list":["post-6720","post","type-post","status-publish","format-standard","has-post-thumbnail","hentry","category-dla-kandydatow","category-dla-rodzicow","category-dla-uczniow"],"acf":[],"_links":{"self":[{"href":"https:\/\/lo6.szczecin.pl\/index.php\/wp-json\/wp\/v2\/posts\/6720","targetHints":{"allow":["GET"]}}],"collection":[{"href":"https:\/\/lo6.szczecin.pl\/index.php\/wp-json\/wp\/v2\/posts"}],"about":[{"href":"https:\/\/lo6.szczecin.pl\/index.php\/wp-json\/wp\/v2\/types\/post"}],"author":[{"embeddable":true,"href":"https:\/\/lo6.szczecin.pl\/index.php\/wp-json\/wp\/v2\/users\/3"}],"replies":[{"embeddable":true,"href":"https:\/\/lo6.szczecin.pl\/index.php\/wp-json\/wp\/v2\/comments?post=6720"}],"version-history":[{"count":2,"href":"https:\/\/lo6.szczecin.pl\/index.php\/wp-json\/wp\/v2\/posts\/6720\/revisions"}],"predecessor-version":[{"id":6724,"href":"https:\/\/lo6.szczecin.pl\/index.php\/wp-json\/wp\/v2\/posts\/6720\/revisions\/6724"}],"wp:featuredmedia":[{"embeddable":true,"href":"https:\/\/lo6.szczecin.pl\/index.php\/wp-json\/wp\/v2\/media\/5449"}],"wp:attachment":[{"href":"https:\/\/lo6.szczecin.pl\/index.php\/wp-json\/wp\/v2\/media?parent=6720"}],"wp:term":[{"taxonomy":"category","embeddable":true,"href":"https:\/\/lo6.szczecin.pl\/index.php\/wp-json\/wp\/v2\/categories?post=6720"},{"taxonomy":"post_tag","embeddable":true,"href":"https:\/\/lo6.szczecin.pl\/index.php\/wp-json\/wp\/v2\/tags?post=6720"}],"curies":[{"name":"wp","href":"https:\/\/api.w.org\/{rel}","templated":true}]}}