{"id":6713,"date":"2018-06-11T08:14:41","date_gmt":"2018-06-11T06:14:41","guid":{"rendered":"http:\/\/lo6.szczecin.pl\/?p=6713"},"modified":"2018-06-12T11:42:15","modified_gmt":"2018-06-12T09:42:15","slug":"niezwykle-odwiedziny","status":"publish","type":"post","link":"https:\/\/lo6.szczecin.pl\/index.php\/2018\/06\/11\/niezwykle-odwiedziny\/","title":{"rendered":"Niezwyk\u0142e odwiedziny"},"content":{"rendered":"<p>W sobot\u0119 9 czerwca\u00a0odwiedzili\u00a0nasz\u0105 szko\u0142\u0119\u00a0maturzy\u015bci sprzed 50 lat, dokonali pami\u0105tkowego wpisu\u00a0w\u00a0 kronice i z\u0142o\u017cyli swoje podpisy na podarowanej grafice szko\u0142y.\u00a0 Wizyta w szkole trwa\u0142a ok. 2 godzin. Wspominali znajomych, nauczycieli i nauk\u0119 w szkole,\u00a0 w klasie nr 7 &#8211;\u00a0 by\u0142 nauczany j\u0119zyk \u0142aci\u0144ski, a\u00a0biologia &#8211; tak jak dzi\u015b w\u00a0klasie nr 4. Pami\u0119tali mieszcz\u0105cy si\u0119 w obecnym Klubie uczniowskim &#8211; basen.<\/p>\n<p>Ju\u017c teraz Pa\u0144stwo zadeklarowali ch\u0119\u0107 uczestniczenia nie tylko w obchodach, ale te\u017c w przygotowaniu Jubileuszu 70 lecia naszego liceum. Bardzo dzi\u0119kujemy\u00a0i czekamy na ponowne spotkanie.<\/p>\n","protected":false},"excerpt":{"rendered":"<p>W sobot\u0119 9 czerwca\u00a0odwiedzili\u00a0nasz\u0105 szko\u0142\u0119\u00a0maturzy\u015bci sprzed 50 lat, dokonali pami\u0105tkowego wpisu\u00a0w\u00a0 kronice i z\u0142o\u017cyli swoje podpisy na podarowanej grafice szko\u0142y.\u00a0 Wizyta w szkole trwa\u0142a ok. 2 godzin. Wspominali znajomych, nauczycieli i nauk\u0119 w szkole,\u00a0 w klasie nr 7 &#8211;\u00a0 by\u0142 nauczany j\u0119zyk \u0142aci\u0144ski, a\u00a0biologia &#8211; tak jak dzi\u015b w\u00a0klasie nr 4. Pami\u0119tali mieszcz\u0105cy si\u0119 w&#8230;<\/p>\n","protected":false},"author":3,"featured_media":6716,"comment_status":"open","ping_status":"open","sticky":false,"template":"","format":"gallery","meta":{"_acf_changed":false,"_s2mail":"yes","footnotes":""},"categories":[360,358,359,365],"tags":[],"class_list":["post-6713","post","type-post","status-publish","format-gallery","has-post-thumbnail","hentry","category-dla-kandydatow","category-dla-rodzicow","category-dla-uczniow","category-galeria","post_format-post-format-gallery"],"acf":[],"_links":{"self":[{"href":"https:\/\/lo6.szczecin.pl\/index.php\/wp-json\/wp\/v2\/posts\/6713","targetHints":{"allow":["GET"]}}],"collection":[{"href":"https:\/\/lo6.szczecin.pl\/index.php\/wp-json\/wp\/v2\/posts"}],"about":[{"href":"https:\/\/lo6.szczecin.pl\/index.php\/wp-json\/wp\/v2\/types\/post"}],"author":[{"embeddable":true,"href":"https:\/\/lo6.szczecin.pl\/index.php\/wp-json\/wp\/v2\/users\/3"}],"replies":[{"embeddable":true,"href":"https:\/\/lo6.szczecin.pl\/index.php\/wp-json\/wp\/v2\/comments?post=6713"}],"version-history":[{"count":2,"href":"https:\/\/lo6.szczecin.pl\/index.php\/wp-json\/wp\/v2\/posts\/6713\/revisions"}],"predecessor-version":[{"id":6726,"href":"https:\/\/lo6.szczecin.pl\/index.php\/wp-json\/wp\/v2\/posts\/6713\/revisions\/6726"}],"wp:featuredmedia":[{"embeddable":true,"href":"https:\/\/lo6.szczecin.pl\/index.php\/wp-json\/wp\/v2\/media\/6716"}],"wp:attachment":[{"href":"https:\/\/lo6.szczecin.pl\/index.php\/wp-json\/wp\/v2\/media?parent=6713"}],"wp:term":[{"taxonomy":"category","embeddable":true,"href":"https:\/\/lo6.szczecin.pl\/index.php\/wp-json\/wp\/v2\/categories?post=6713"},{"taxonomy":"post_tag","embeddable":true,"href":"https:\/\/lo6.szczecin.pl\/index.php\/wp-json\/wp\/v2\/tags?post=6713"}],"curies":[{"name":"wp","href":"https:\/\/api.w.org\/{rel}","templated":true}]}}