{"id":6695,"date":"2018-05-16T20:55:19","date_gmt":"2018-05-16T18:55:19","guid":{"rendered":"http:\/\/lo6.szczecin.pl\/?p=6695"},"modified":"2018-05-16T20:55:19","modified_gmt":"2018-05-16T18:55:19","slug":"zebrania-z-rodzicami-6","status":"publish","type":"post","link":"https:\/\/lo6.szczecin.pl\/index.php\/2018\/05\/16\/zebrania-z-rodzicami-6\/","title":{"rendered":"Zebrania z Rodzicami"},"content":{"rendered":"<p>17 maja 2018 r. o godzinie 17:00, odb\u0119d\u0105 si\u0119 zebrania z Rodzicami uczni\u00f3w klasy I i II. Na zebraniach zostan\u0105 om\u00f3wione przewidywane oceny roczne z przedmiot\u00f3w i zachowania, oraz zagro\u017cenia ocenami niedostatecznymi.<\/p>\n","protected":false},"excerpt":{"rendered":"<p>17 maja 2018 r. o godzinie 17:00, odb\u0119d\u0105 si\u0119 zebrania z Rodzicami uczni\u00f3w klasy I i II. Na zebraniach zostan\u0105 om\u00f3wione przewidywane oceny roczne z przedmiot\u00f3w i zachowania, oraz zagro\u017cenia ocenami niedostatecznymi.<\/p>\n","protected":false},"author":3,"featured_media":0,"comment_status":"open","ping_status":"open","sticky":false,"template":"","format":"standard","meta":{"_acf_changed":false,"_s2mail":"yes","footnotes":""},"categories":[358,359,365],"tags":[],"class_list":["post-6695","post","type-post","status-publish","format-standard","hentry","category-dla-rodzicow","category-dla-uczniow","category-galeria"],"acf":[],"_links":{"self":[{"href":"https:\/\/lo6.szczecin.pl\/index.php\/wp-json\/wp\/v2\/posts\/6695","targetHints":{"allow":["GET"]}}],"collection":[{"href":"https:\/\/lo6.szczecin.pl\/index.php\/wp-json\/wp\/v2\/posts"}],"about":[{"href":"https:\/\/lo6.szczecin.pl\/index.php\/wp-json\/wp\/v2\/types\/post"}],"author":[{"embeddable":true,"href":"https:\/\/lo6.szczecin.pl\/index.php\/wp-json\/wp\/v2\/users\/3"}],"replies":[{"embeddable":true,"href":"https:\/\/lo6.szczecin.pl\/index.php\/wp-json\/wp\/v2\/comments?post=6695"}],"version-history":[{"count":2,"href":"https:\/\/lo6.szczecin.pl\/index.php\/wp-json\/wp\/v2\/posts\/6695\/revisions"}],"predecessor-version":[{"id":6697,"href":"https:\/\/lo6.szczecin.pl\/index.php\/wp-json\/wp\/v2\/posts\/6695\/revisions\/6697"}],"wp:attachment":[{"href":"https:\/\/lo6.szczecin.pl\/index.php\/wp-json\/wp\/v2\/media?parent=6695"}],"wp:term":[{"taxonomy":"category","embeddable":true,"href":"https:\/\/lo6.szczecin.pl\/index.php\/wp-json\/wp\/v2\/categories?post=6695"},{"taxonomy":"post_tag","embeddable":true,"href":"https:\/\/lo6.szczecin.pl\/index.php\/wp-json\/wp\/v2\/tags?post=6695"}],"curies":[{"name":"wp","href":"https:\/\/api.w.org\/{rel}","templated":true}]}}