{"id":6648,"date":"2018-05-04T09:55:57","date_gmt":"2018-05-04T07:55:57","guid":{"rendered":"http:\/\/lo6.szczecin.pl\/?p=6648"},"modified":"2018-05-08T09:09:05","modified_gmt":"2018-05-08T07:09:05","slug":"matura-2018","status":"publish","type":"post","link":"https:\/\/lo6.szczecin.pl\/index.php\/2018\/05\/04\/matura-2018\/","title":{"rendered":"Matura 2018"},"content":{"rendered":"<p>4 maja ju\u017c przed godzin\u0105 8:00 wchodzili do\u00a0 szkoly pierwsi maturzy\u015bci, pe\u0142ni obaw, co w tym roku znajdzie si\u0119 w arkuszach i jakie lektury pojawi\u0105 si\u0119 w poleceniach. O godzinie 9:00 rozpocz\u0105\u0142 si\u0119 jezyk polski, do kt\u00f3rego w naszej szkole przyst\u0105pi\u0142o 111\u00a0maturzyst\u00f3w, w poniedzialek uczniowie przyst\u0105pi\u0105 do egzaminu z matematyki.<\/p>\n<p>Wszyscy trzymamy za Was kciuki- nauczyciele, rodzice, starsi i m\u0142odsi koledzy.<\/p>\n<p>&nbsp;<\/p>\n","protected":false},"excerpt":{"rendered":"<p>4 maja ju\u017c przed godzin\u0105 8:00 wchodzili do\u00a0 szkoly pierwsi maturzy\u015bci, pe\u0142ni obaw, co w tym roku znajdzie si\u0119 w arkuszach i jakie lektury pojawi\u0105 si\u0119 w poleceniach. O godzinie 9:00 rozpocz\u0105\u0142 si\u0119 jezyk polski, do kt\u00f3rego w naszej szkole przyst\u0105pi\u0142o 111\u00a0maturzyst\u00f3w, w poniedzialek uczniowie przyst\u0105pi\u0105 do egzaminu z matematyki. Wszyscy trzymamy za Was kciuki-&#8230;<\/p>\n","protected":false},"author":3,"featured_media":6662,"comment_status":"open","ping_status":"open","sticky":false,"template":"","format":"gallery","meta":{"_acf_changed":false,"_s2mail":"yes","footnotes":""},"categories":[360,358,359,365],"tags":[],"class_list":["post-6648","post","type-post","status-publish","format-gallery","has-post-thumbnail","hentry","category-dla-kandydatow","category-dla-rodzicow","category-dla-uczniow","category-galeria","post_format-post-format-gallery"],"acf":[],"_links":{"self":[{"href":"https:\/\/lo6.szczecin.pl\/index.php\/wp-json\/wp\/v2\/posts\/6648","targetHints":{"allow":["GET"]}}],"collection":[{"href":"https:\/\/lo6.szczecin.pl\/index.php\/wp-json\/wp\/v2\/posts"}],"about":[{"href":"https:\/\/lo6.szczecin.pl\/index.php\/wp-json\/wp\/v2\/types\/post"}],"author":[{"embeddable":true,"href":"https:\/\/lo6.szczecin.pl\/index.php\/wp-json\/wp\/v2\/users\/3"}],"replies":[{"embeddable":true,"href":"https:\/\/lo6.szczecin.pl\/index.php\/wp-json\/wp\/v2\/comments?post=6648"}],"version-history":[{"count":3,"href":"https:\/\/lo6.szczecin.pl\/index.php\/wp-json\/wp\/v2\/posts\/6648\/revisions"}],"predecessor-version":[{"id":6665,"href":"https:\/\/lo6.szczecin.pl\/index.php\/wp-json\/wp\/v2\/posts\/6648\/revisions\/6665"}],"wp:featuredmedia":[{"embeddable":true,"href":"https:\/\/lo6.szczecin.pl\/index.php\/wp-json\/wp\/v2\/media\/6662"}],"wp:attachment":[{"href":"https:\/\/lo6.szczecin.pl\/index.php\/wp-json\/wp\/v2\/media?parent=6648"}],"wp:term":[{"taxonomy":"category","embeddable":true,"href":"https:\/\/lo6.szczecin.pl\/index.php\/wp-json\/wp\/v2\/categories?post=6648"},{"taxonomy":"post_tag","embeddable":true,"href":"https:\/\/lo6.szczecin.pl\/index.php\/wp-json\/wp\/v2\/tags?post=6648"}],"curies":[{"name":"wp","href":"https:\/\/api.w.org\/{rel}","templated":true}]}}