{"id":6622,"date":"2018-04-25T22:23:10","date_gmt":"2018-04-25T20:23:10","guid":{"rendered":"http:\/\/lo6.szczecin.pl\/?p=6622"},"modified":"2018-05-04T09:39:17","modified_gmt":"2018-05-04T07:39:17","slug":"uroczyste-zakonczenie-roku-szkolnego-klas-iii","status":"publish","type":"post","link":"https:\/\/lo6.szczecin.pl\/index.php\/2018\/04\/25\/uroczyste-zakonczenie-roku-szkolnego-klas-iii\/","title":{"rendered":"Uroczyste zako\u0144czenie roku szkolnego klas III"},"content":{"rendered":"<p>W dniu 27.04.2018 roku (pi\u0105tek) o godz. 13:00 na sali gimnastycznej przy ul. Jagiello\u0144skiej 62, odb\u0119dzie si\u0119 Uroczyste Zako\u0144czenie Roku Szkolnego klas III VI Liceum Og\u00f3lnokszta\u0142c\u0105cego im. Stefana Czarnieckiego w Szczecinie.<\/p>\n<p>Serdecznie zapraszamy Rodzic\u00f3w absolwent\u00f3w do udzia\u0142u w tym wydarzeniu.<\/p>\n<p>&nbsp;<\/p>\n","protected":false},"excerpt":{"rendered":"<p>W dniu 27.04.2018 roku (pi\u0105tek) o godz. 13:00 na sali gimnastycznej przy ul. Jagiello\u0144skiej 62, odb\u0119dzie si\u0119 Uroczyste Zako\u0144czenie Roku Szkolnego klas III VI Liceum Og\u00f3lnokszta\u0142c\u0105cego im. Stefana Czarnieckiego w Szczecinie. Serdecznie zapraszamy Rodzic\u00f3w absolwent\u00f3w do udzia\u0142u w tym wydarzeniu. &nbsp;<\/p>\n","protected":false},"author":3,"featured_media":6624,"comment_status":"open","ping_status":"open","sticky":false,"template":"","format":"gallery","meta":{"_acf_changed":false,"_s2mail":"yes","footnotes":""},"categories":[360,358,359,365],"tags":[],"class_list":["post-6622","post","type-post","status-publish","format-gallery","has-post-thumbnail","hentry","category-dla-kandydatow","category-dla-rodzicow","category-dla-uczniow","category-galeria","post_format-post-format-gallery"],"acf":[],"_links":{"self":[{"href":"https:\/\/lo6.szczecin.pl\/index.php\/wp-json\/wp\/v2\/posts\/6622","targetHints":{"allow":["GET"]}}],"collection":[{"href":"https:\/\/lo6.szczecin.pl\/index.php\/wp-json\/wp\/v2\/posts"}],"about":[{"href":"https:\/\/lo6.szczecin.pl\/index.php\/wp-json\/wp\/v2\/types\/post"}],"author":[{"embeddable":true,"href":"https:\/\/lo6.szczecin.pl\/index.php\/wp-json\/wp\/v2\/users\/3"}],"replies":[{"embeddable":true,"href":"https:\/\/lo6.szczecin.pl\/index.php\/wp-json\/wp\/v2\/comments?post=6622"}],"version-history":[{"count":2,"href":"https:\/\/lo6.szczecin.pl\/index.php\/wp-json\/wp\/v2\/posts\/6622\/revisions"}],"predecessor-version":[{"id":6634,"href":"https:\/\/lo6.szczecin.pl\/index.php\/wp-json\/wp\/v2\/posts\/6622\/revisions\/6634"}],"wp:featuredmedia":[{"embeddable":true,"href":"https:\/\/lo6.szczecin.pl\/index.php\/wp-json\/wp\/v2\/media\/6624"}],"wp:attachment":[{"href":"https:\/\/lo6.szczecin.pl\/index.php\/wp-json\/wp\/v2\/media?parent=6622"}],"wp:term":[{"taxonomy":"category","embeddable":true,"href":"https:\/\/lo6.szczecin.pl\/index.php\/wp-json\/wp\/v2\/categories?post=6622"},{"taxonomy":"post_tag","embeddable":true,"href":"https:\/\/lo6.szczecin.pl\/index.php\/wp-json\/wp\/v2\/tags?post=6622"}],"curies":[{"name":"wp","href":"https:\/\/api.w.org\/{rel}","templated":true}]}}