{"id":6615,"date":"2018-04-23T12:17:54","date_gmt":"2018-04-23T10:17:54","guid":{"rendered":"http:\/\/lo6.szczecin.pl\/?p=6615"},"modified":"2018-04-23T12:17:54","modified_gmt":"2018-04-23T10:17:54","slug":"genetyka-dla-edukacji-i-rodziny","status":"publish","type":"post","link":"https:\/\/lo6.szczecin.pl\/index.php\/2018\/04\/23\/genetyka-dla-edukacji-i-rodziny\/","title":{"rendered":"Genetyka dla edukacji i rodziny"},"content":{"rendered":"<p>W minion\u0105 sobot\u0119 tj. 21 kwietnia wybrani uczniowie naszej szko\u0142y po raz drugi zostali zaproszeni na konferencj\u0119 naukow\u0105 pt. <em>Genetyka dla edukacji i rodziny<\/em> organizowan\u0105 przez Og\u00f3lnopolskie Stowarzyszenie Wspierania Rodzin z Predyspozycj\u0105 do Nowotwor\u00f3w Dziedzicznych w Centrum Nowych Technologii Medycznych Pomorskiego Uniwersytetu w Szczecinie. Opr\u00f3cz wyk\u0142ad\u00f3w g\u0142oszonych przez specjalist\u00f3w od tematyki genetycznej, zdrowego \u017cywienia i predyspozycji do chor\u00f3b dziedzicznych tj. prof. Jana Lubi\u0144skiego (PUM), dr Edyte Balejko (ZUT), dr hab. Jolant\u0119 Kie\u0142pi\u0144sk\u0105 (ZUT) oraz dr Wojciecha Klu\u017aniaka (PUM) m\u0142odzie\u017c mia\u0142a okazj\u0119 wzi\u0105\u0107 udzia\u0142 w warsztatach praktycznych pt. <em>Techniki molekularne wykorzystywane w badaniach genetycznych<\/em> oraz samodzielnie komponowa\u0107 zdrow\u0105 \u017cywno\u015b\u0107.<\/p>\n","protected":false},"excerpt":{"rendered":"<p>W minion\u0105 sobot\u0119 tj. 21 kwietnia wybrani uczniowie naszej szko\u0142y po raz drugi zostali zaproszeni na konferencj\u0119 naukow\u0105 pt. Genetyka dla edukacji i rodziny organizowan\u0105 przez Og\u00f3lnopolskie Stowarzyszenie Wspierania Rodzin z Predyspozycj\u0105 do Nowotwor\u00f3w Dziedzicznych w Centrum Nowych Technologii Medycznych Pomorskiego Uniwersytetu w Szczecinie. Opr\u00f3cz wyk\u0142ad\u00f3w g\u0142oszonych przez specjalist\u00f3w od tematyki genetycznej, zdrowego \u017cywienia i&#8230;<\/p>\n","protected":false},"author":3,"featured_media":6617,"comment_status":"open","ping_status":"open","sticky":false,"template":"","format":"gallery","meta":{"_acf_changed":false,"_s2mail":"yes","footnotes":""},"categories":[360,358,359,365],"tags":[],"class_list":["post-6615","post","type-post","status-publish","format-gallery","has-post-thumbnail","hentry","category-dla-kandydatow","category-dla-rodzicow","category-dla-uczniow","category-galeria","post_format-post-format-gallery"],"acf":[],"_links":{"self":[{"href":"https:\/\/lo6.szczecin.pl\/index.php\/wp-json\/wp\/v2\/posts\/6615","targetHints":{"allow":["GET"]}}],"collection":[{"href":"https:\/\/lo6.szczecin.pl\/index.php\/wp-json\/wp\/v2\/posts"}],"about":[{"href":"https:\/\/lo6.szczecin.pl\/index.php\/wp-json\/wp\/v2\/types\/post"}],"author":[{"embeddable":true,"href":"https:\/\/lo6.szczecin.pl\/index.php\/wp-json\/wp\/v2\/users\/3"}],"replies":[{"embeddable":true,"href":"https:\/\/lo6.szczecin.pl\/index.php\/wp-json\/wp\/v2\/comments?post=6615"}],"version-history":[{"count":1,"href":"https:\/\/lo6.szczecin.pl\/index.php\/wp-json\/wp\/v2\/posts\/6615\/revisions"}],"predecessor-version":[{"id":6620,"href":"https:\/\/lo6.szczecin.pl\/index.php\/wp-json\/wp\/v2\/posts\/6615\/revisions\/6620"}],"wp:featuredmedia":[{"embeddable":true,"href":"https:\/\/lo6.szczecin.pl\/index.php\/wp-json\/wp\/v2\/media\/6617"}],"wp:attachment":[{"href":"https:\/\/lo6.szczecin.pl\/index.php\/wp-json\/wp\/v2\/media?parent=6615"}],"wp:term":[{"taxonomy":"category","embeddable":true,"href":"https:\/\/lo6.szczecin.pl\/index.php\/wp-json\/wp\/v2\/categories?post=6615"},{"taxonomy":"post_tag","embeddable":true,"href":"https:\/\/lo6.szczecin.pl\/index.php\/wp-json\/wp\/v2\/tags?post=6615"}],"curies":[{"name":"wp","href":"https:\/\/api.w.org\/{rel}","templated":true}]}}