{"id":6604,"date":"2018-04-13T13:32:46","date_gmt":"2018-04-13T11:32:46","guid":{"rendered":"http:\/\/lo6.szczecin.pl\/?p=6604"},"modified":"2018-04-17T13:41:37","modified_gmt":"2018-04-17T11:41:37","slug":"spotkanie-z-iskierka","status":"publish","type":"post","link":"https:\/\/lo6.szczecin.pl\/index.php\/2018\/04\/13\/spotkanie-z-iskierka\/","title":{"rendered":"SPOTKANIE   Z   &#8220;ISKIERK\u0104&#8221;"},"content":{"rendered":"<p>W naszej szkole 100 &#8211; lecie odzyskania niepodleg\u0142o\u015bci zainaugurowa\u0142o spotkanie m\u0142odzie\u017cy\u00a0z by\u0142\u0105 nauczycielk\u0105 VI Liceum Og\u00f3lnokszta\u0142c\u0105cego w Szczecinie Stanis\u0142aw\u0105 Kocie\u0142owicz &#8220;Iskierk\u0105&#8221;. Jej histori\u0119 mo\u017cna przeczyta\u0107 w ksi\u0105\u017cce Szymona Nowaka pt.: &#8220;Dziewczyny wykl\u0119te&#8221; . Droga \u017cyciowa Pani Profesor to harcerstwo z konspiracyjnego Zwi\u0105zku Harcerstwa Polskiego w Wilnie, tajne nauczanie, walka w szeregach AK, a potem Gu\u0142ag w dalekiej Syberii (g\u0142\u00f3d, ci\u0119\u017cka praca, poni\u017canie godno\u015bci ludzkiej) . B\u00f3g, honor, praca i ojczyzna to sens \u017cycia, kt\u00f3re przekaza\u0142a na spotkaniu m\u0142odzie\u017cy. Dzisiaj Nasza Pani Profesor jest nadal bardzo aktywna i pe\u0142ni funkcje prezesa Zarz\u0105du Okr\u0119gu Szczeci\u0144skiego \u015awiatowego Zwi\u0105zku \u017bo\u0142nierzy AK oraz wiceprezesa Stowarzyszenia \u0141agiernik\u00f3w \u017bo\u0142nierzy AK.<\/p>\n","protected":false},"excerpt":{"rendered":"<p>W naszej szkole 100 &#8211; lecie odzyskania niepodleg\u0142o\u015bci zainaugurowa\u0142o spotkanie m\u0142odzie\u017cy\u00a0z by\u0142\u0105 nauczycielk\u0105 VI Liceum Og\u00f3lnokszta\u0142c\u0105cego w Szczecinie Stanis\u0142aw\u0105 Kocie\u0142owicz &#8220;Iskierk\u0105&#8221;. Jej histori\u0119 mo\u017cna przeczyta\u0107 w ksi\u0105\u017cce Szymona Nowaka pt.: &#8220;Dziewczyny wykl\u0119te&#8221; . Droga \u017cyciowa Pani Profesor to harcerstwo z konspiracyjnego Zwi\u0105zku Harcerstwa Polskiego w Wilnie, tajne nauczanie, walka w szeregach AK, a potem Gu\u0142ag&#8230;<\/p>\n","protected":false},"author":3,"featured_media":6610,"comment_status":"open","ping_status":"open","sticky":false,"template":"","format":"gallery","meta":{"_acf_changed":false,"_s2mail":"yes","footnotes":""},"categories":[360,358,359,365],"tags":[],"class_list":["post-6604","post","type-post","status-publish","format-gallery","has-post-thumbnail","hentry","category-dla-kandydatow","category-dla-rodzicow","category-dla-uczniow","category-galeria","post_format-post-format-gallery"],"acf":[],"_links":{"self":[{"href":"https:\/\/lo6.szczecin.pl\/index.php\/wp-json\/wp\/v2\/posts\/6604","targetHints":{"allow":["GET"]}}],"collection":[{"href":"https:\/\/lo6.szczecin.pl\/index.php\/wp-json\/wp\/v2\/posts"}],"about":[{"href":"https:\/\/lo6.szczecin.pl\/index.php\/wp-json\/wp\/v2\/types\/post"}],"author":[{"embeddable":true,"href":"https:\/\/lo6.szczecin.pl\/index.php\/wp-json\/wp\/v2\/users\/3"}],"replies":[{"embeddable":true,"href":"https:\/\/lo6.szczecin.pl\/index.php\/wp-json\/wp\/v2\/comments?post=6604"}],"version-history":[{"count":2,"href":"https:\/\/lo6.szczecin.pl\/index.php\/wp-json\/wp\/v2\/posts\/6604\/revisions"}],"predecessor-version":[{"id":6612,"href":"https:\/\/lo6.szczecin.pl\/index.php\/wp-json\/wp\/v2\/posts\/6604\/revisions\/6612"}],"wp:featuredmedia":[{"embeddable":true,"href":"https:\/\/lo6.szczecin.pl\/index.php\/wp-json\/wp\/v2\/media\/6610"}],"wp:attachment":[{"href":"https:\/\/lo6.szczecin.pl\/index.php\/wp-json\/wp\/v2\/media?parent=6604"}],"wp:term":[{"taxonomy":"category","embeddable":true,"href":"https:\/\/lo6.szczecin.pl\/index.php\/wp-json\/wp\/v2\/categories?post=6604"},{"taxonomy":"post_tag","embeddable":true,"href":"https:\/\/lo6.szczecin.pl\/index.php\/wp-json\/wp\/v2\/tags?post=6604"}],"curies":[{"name":"wp","href":"https:\/\/api.w.org\/{rel}","templated":true}]}}