{"id":6599,"date":"2018-04-17T09:42:27","date_gmt":"2018-04-17T07:42:27","guid":{"rendered":"http:\/\/lo6.szczecin.pl\/?p=6599"},"modified":"2018-04-17T09:49:20","modified_gmt":"2018-04-17T07:49:20","slug":"dzien-otwarty-szkoly-25-kwietnia-2018-r","status":"publish","type":"post","link":"https:\/\/lo6.szczecin.pl\/index.php\/2018\/04\/17\/dzien-otwarty-szkoly-25-kwietnia-2018-r\/","title":{"rendered":"Dzie\u0144 Otwarty Szko\u0142y &#8211; 25 kwietnia 2018 r."},"content":{"rendered":"<h4 style=\"text-align: center;\">Siedem\u00a0powod\u00f3w, dla kt\u00f3rych warto przyj\u015b\u0107 do Sz\u00f3stki!<\/h4>\n<ol>\n<li>Dbamy o optymalny rozw\u00f3j naszych uczni\u00f3w.<\/li>\n<li>Oferujemy wysoki poziom nauczania i doskonale wyposa\u017cone pracownie.<\/li>\n<li>Zapewniamy wykwalifikowan\u0105 kadr\u0119 nauczycieli dyplomowanych i egzaminator\u00f3w.<\/li>\n<li>Jeste\u015bmy wymagaj\u0105cy, ale otwarci i \u017cyczliwi &#8211; u nas zawsze mo\u017cna liczy\u0107 na pomoc.<\/li>\n<li>Umo\u017cliwiamy rozwijanie pasji i zainteresowa\u0144.<\/li>\n<li>Jeste\u015bmy szko\u0142\u0105 kameraln\u0105 i bezpieczn\u0105.<\/li>\n<li>Tutaj \u0142\u0105czymy tradycj\u0119 i nowoczesno\u015b\u0107, indywidualizm i uniwersalizm.<\/li>\n<\/ol>\n<p style=\"text-align: center;\"><span style=\"font-size: 18pt;\"><strong><span style=\"color: #800000;\">Dzie\u0144 Otwarty Szko\u0142y &#8211; 25 kwietnia 2018 r. w godz. 10:00 &#8211; 18:00 ZAPRASZAMY!<\/span><\/strong><\/span><\/p>\n<p><strong>Profile klas w roku szkolnym 2018\/2019<\/strong><\/p>\n<p><strong><span style=\"color: #333399;\">KLASA A &#8211; HUMANISTYCZNA<\/span><br \/>\n<em>Pod patronatem Okr\u0119gowej Izby Radc\u00f3w Prawnych, Instytutu Pami\u0119ci Narodowej oraz Technoparku Pomerania<\/em><\/strong><\/p>\n<p><strong>Przedmioty rozszerzone:<\/strong><\/p>\n<ul>\n<li>j\u0119zyk polski<\/li>\n<li>historia<\/li>\n<li>wiedza o spo\u0142ecze\u0144stwie<\/li>\n<\/ul>\n<p><strong>Zaj\u0119cia dodatkowe: <\/strong><\/p>\n<ul>\n<li>warsztaty dziennikarskie, wyk\u0142ady US i IPN<\/li>\n<li>wycieczki edukacyjne, np. do Warszawy i Krakowa (zwiedzanie radia, telewizji)<\/li>\n<li>lekcje prawa<\/li>\n<li>Ko\u0142o Debat Oksfordzkich<\/li>\n<li>redagowanie gazetki szkolnej <em>Zbli\u017cenia<\/em><\/li>\n<\/ul>\n<p><em>Przygotowanie do studi\u00f3w na kierunkach filologicznych, artystycznych oraz historii, archeologii, filozofii, socjologii, psychologii, prawa, administracji, politologii, dziennikarstwa i reklamy.<\/em><\/p>\n<p><strong><span style=\"color: #333399;\">KLASA B &#8211; BIOLOGICZNO-CHEMICZNA (MEDYCZNA)<\/span><br \/>\n<em>Pod patronatem Pomorskiego Uniwersytetu Medycznego w Szczecinie <\/em><\/strong><\/p>\n<p><strong>Przedmioty rozszerzone:<\/strong><\/p>\n<ul>\n<li>biologia<\/li>\n<li>chemia<\/li>\n<\/ul>\n<p><strong>Zaj\u0119cia dodatkowe:<\/strong><\/p>\n<ul>\n<li>zaj\u0119cia do\u015bwiadczalne z biologii i chemii<\/li>\n<li>udzia\u0142 w projekcie <em>Licealista w \u015bwiecie nauki <\/em>(zaj\u0119cia laboratoryjne)<\/li>\n<li>udzia\u0142 w projekcie <em>Mam PUM<\/em><\/li>\n<li>tematyczne wycieczki edukacyjne (np. ogr\u00f3d dendrologiczny, palmiarnia, oceanarium)<\/li>\n<li>udzia\u0142 w wyk\u0142adach otwartych US, PUM i ZUT.<\/li>\n<\/ul>\n<p style=\"text-align: center;\"><em>Przygotowanie do studi\u00f3w na kierunkach medycznych (medycyna, farmacja, analityka medyczna, fizjoterapia, piel\u0119gniarstwo), weterynaryjnych i\u00a0przyrodniczych (biologia, chemia, biotechnologia).<\/em><\/p>\n<p><strong><span style=\"color: #333399;\">KLASA C &#8211; MATEMATYCZNO-J\u0118ZYKOWA<\/span><em><br \/>\nPod patronatem Zachodniopomorskiego Uniwersytetu Technologicznego w Szczecinie<\/em><\/strong><\/p>\n<p><strong>Przedmioty rozszerzone:<\/strong><\/p>\n<ul>\n<li>matematyka<\/li>\n<li>j\u0119zyk angielski<\/li>\n<li>fizyka, geografia (do wyboru w klasie II)<\/li>\n<\/ul>\n<p><strong>Zaj\u0119cia dodatkowe:<\/strong><\/p>\n<ul>\n<li>udzia\u0142 w wyk\u0142adach na uczelniach technicznych<\/li>\n<li>udzia\u0142 w cyklicznych wyk\u0142adach <em>Mi\u0119dzyszkolnego Laboratorium Fizycznego<\/em><\/li>\n<li>dodatkowe zaj\u0119cia z informatyki dla zainteresowanych uczni\u00f3w<\/li>\n<li>nauczanie obcego j\u0119zyka nowo\u017cytnego ukierunkowane na zagadnienia biznesowe<\/li>\n<li>zaj\u0119cia w Muzeum Geologicznym<\/li>\n<li>udzia\u0142 w projekcie <em>M\u0142odzie\u017cowa Akademia Przedsi\u0119biorczo\u015bci<\/em><\/li>\n<\/ul>\n<p><em>Przygotowanie do studi\u00f3w na kierunkach technicznych (architektura, in\u017cynieria, budownictwo) i\u00a0informatycznych.<\/em><\/p>\n<p><em>\u00a0<\/em><\/p>\n<p><strong>Dodatkowo uczniowie maj\u0105 mo\u017cliwo\u015b\u0107:<\/strong><\/p>\n<ul>\n<li>przygotowywania si\u0119 do olimpiad i konkurs\u00f3w przedmiotowych<\/li>\n<li>uczestniczenia w projektach, np. <em>Nowe Horyzonty Edukacji Filmowej, FilozofUS<\/em><\/li>\n<li>uczestniczenia w \u017cyciu kulturalnym miasta (teatry, kino, wystawy) i udzia\u0142u w lekcjach teatralnych<\/li>\n<li>wsp\u00f3\u0142tworzenia gazetki szkolnej <em>Zbli\u017cenia<\/em><\/li>\n<li>uzupe\u0142niania i doskonalenia wiedzy w ramach konsultacji nauczycielskich<\/li>\n<li>udzia\u0142u w r\u00f3\u017cnorodnych zaj\u0119ciach i zawodach sportowych (np. squash, wio\u015blarstwo halowe)<\/li>\n<li>aktywnego uczestnictwa w \u017cyciu szko\u0142y (np. <em>Dzie\u0144 Parlamentu w VI LO, Noc w\u00a0Liceum<\/em>)<\/li>\n<li>dzia\u0142alno\u015bci w ramach Szkolnego Ko\u0142a Krajoznawczo-Turystycznego i wolontariatu.<\/li>\n<\/ul>\n<p><em>\u00a0<\/em><\/p>\n","protected":false},"excerpt":{"rendered":"<p>Siedem\u00a0powod\u00f3w, dla kt\u00f3rych warto przyj\u015b\u0107 do Sz\u00f3stki! Dbamy o optymalny rozw\u00f3j naszych uczni\u00f3w. Oferujemy wysoki poziom nauczania i doskonale wyposa\u017cone pracownie. Zapewniamy wykwalifikowan\u0105 kadr\u0119 nauczycieli dyplomowanych i egzaminator\u00f3w. Jeste\u015bmy wymagaj\u0105cy, ale otwarci i \u017cyczliwi &#8211; u nas zawsze mo\u017cna liczy\u0107 na pomoc. Umo\u017cliwiamy rozwijanie pasji i zainteresowa\u0144. Jeste\u015bmy szko\u0142\u0105 kameraln\u0105 i bezpieczn\u0105. Tutaj \u0142\u0105czymy tradycj\u0119&#8230;<\/p>\n","protected":false},"author":3,"featured_media":6603,"comment_status":"open","ping_status":"open","sticky":false,"template":"","format":"gallery","meta":{"_acf_changed":false,"_s2mail":"yes","footnotes":""},"categories":[360,358,359,365],"tags":[],"class_list":["post-6599","post","type-post","status-publish","format-gallery","has-post-thumbnail","hentry","category-dla-kandydatow","category-dla-rodzicow","category-dla-uczniow","category-galeria","post_format-post-format-gallery"],"acf":[],"_links":{"self":[{"href":"https:\/\/lo6.szczecin.pl\/index.php\/wp-json\/wp\/v2\/posts\/6599","targetHints":{"allow":["GET"]}}],"collection":[{"href":"https:\/\/lo6.szczecin.pl\/index.php\/wp-json\/wp\/v2\/posts"}],"about":[{"href":"https:\/\/lo6.szczecin.pl\/index.php\/wp-json\/wp\/v2\/types\/post"}],"author":[{"embeddable":true,"href":"https:\/\/lo6.szczecin.pl\/index.php\/wp-json\/wp\/v2\/users\/3"}],"replies":[{"embeddable":true,"href":"https:\/\/lo6.szczecin.pl\/index.php\/wp-json\/wp\/v2\/comments?post=6599"}],"version-history":[{"count":2,"href":"https:\/\/lo6.szczecin.pl\/index.php\/wp-json\/wp\/v2\/posts\/6599\/revisions"}],"predecessor-version":[{"id":6601,"href":"https:\/\/lo6.szczecin.pl\/index.php\/wp-json\/wp\/v2\/posts\/6599\/revisions\/6601"}],"wp:featuredmedia":[{"embeddable":true,"href":"https:\/\/lo6.szczecin.pl\/index.php\/wp-json\/wp\/v2\/media\/6603"}],"wp:attachment":[{"href":"https:\/\/lo6.szczecin.pl\/index.php\/wp-json\/wp\/v2\/media?parent=6599"}],"wp:term":[{"taxonomy":"category","embeddable":true,"href":"https:\/\/lo6.szczecin.pl\/index.php\/wp-json\/wp\/v2\/categories?post=6599"},{"taxonomy":"post_tag","embeddable":true,"href":"https:\/\/lo6.szczecin.pl\/index.php\/wp-json\/wp\/v2\/tags?post=6599"}],"curies":[{"name":"wp","href":"https:\/\/api.w.org\/{rel}","templated":true}]}}