{"id":6595,"date":"2018-04-12T08:31:02","date_gmt":"2018-04-12T06:31:02","guid":{"rendered":"http:\/\/lo6.szczecin.pl\/?p=6595"},"modified":"2018-04-12T08:31:02","modified_gmt":"2018-04-12T06:31:02","slug":"brazowy-medal-w-biegu-rozstawnym-4x100-m","status":"publish","type":"post","link":"https:\/\/lo6.szczecin.pl\/index.php\/2018\/04\/12\/brazowy-medal-w-biegu-rozstawnym-4x100-m\/","title":{"rendered":"Br\u0105zowy medal w biegu rozstawnym 4&#215;100 m"},"content":{"rendered":"<div id=\"id_5acefc277ab251761002610\" class=\"text_exposed_root text_exposed\">\n<p>Podczas Indywidualnych Mistrzostw Szczecina SPG w LA, kt\u00f3re odby\u0142y si\u0119 w dniu 11 kwietnia 2018 r. zesp\u00f3\u0142 VI LO w sk\u0142adzie:<\/p>\n<p>Sylwia Zwindowska ( 1b2),\u00a0<span class=\"text_exposed_show\"><br \/>\nWiktoria Majewska (1b2),<br \/>\nPatrycja Czubek (1b2),<br \/>\nNatalia \u015aredzi\u0144ska (2b2),<\/span><\/p>\n<div class=\"text_exposed_show\">\n<p>wywalczy\u0142 br\u0105zowy medal w biegu rozstawnym 4&#215;100 m.<\/p>\n<p>Gratulujemy!<\/p>\n<\/div>\n<\/div>\n","protected":false},"excerpt":{"rendered":"<p>Podczas Indywidualnych Mistrzostw Szczecina SPG w LA, kt\u00f3re odby\u0142y si\u0119 w dniu 11 kwietnia 2018 r. zesp\u00f3\u0142 VI LO w sk\u0142adzie: Sylwia Zwindowska ( 1b2),\u00a0 Wiktoria Majewska (1b2), Patrycja Czubek (1b2), Natalia \u015aredzi\u0144ska (2b2), wywalczy\u0142 br\u0105zowy medal w biegu rozstawnym 4&#215;100 m. Gratulujemy!<\/p>\n","protected":false},"author":3,"featured_media":6596,"comment_status":"open","ping_status":"open","sticky":false,"template":"","format":"gallery","meta":{"_acf_changed":false,"_s2mail":"yes","footnotes":""},"categories":[360,358,359,365],"tags":[],"class_list":["post-6595","post","type-post","status-publish","format-gallery","has-post-thumbnail","hentry","category-dla-kandydatow","category-dla-rodzicow","category-dla-uczniow","category-galeria","post_format-post-format-gallery"],"acf":[],"_links":{"self":[{"href":"https:\/\/lo6.szczecin.pl\/index.php\/wp-json\/wp\/v2\/posts\/6595","targetHints":{"allow":["GET"]}}],"collection":[{"href":"https:\/\/lo6.szczecin.pl\/index.php\/wp-json\/wp\/v2\/posts"}],"about":[{"href":"https:\/\/lo6.szczecin.pl\/index.php\/wp-json\/wp\/v2\/types\/post"}],"author":[{"embeddable":true,"href":"https:\/\/lo6.szczecin.pl\/index.php\/wp-json\/wp\/v2\/users\/3"}],"replies":[{"embeddable":true,"href":"https:\/\/lo6.szczecin.pl\/index.php\/wp-json\/wp\/v2\/comments?post=6595"}],"version-history":[{"count":1,"href":"https:\/\/lo6.szczecin.pl\/index.php\/wp-json\/wp\/v2\/posts\/6595\/revisions"}],"predecessor-version":[{"id":6597,"href":"https:\/\/lo6.szczecin.pl\/index.php\/wp-json\/wp\/v2\/posts\/6595\/revisions\/6597"}],"wp:featuredmedia":[{"embeddable":true,"href":"https:\/\/lo6.szczecin.pl\/index.php\/wp-json\/wp\/v2\/media\/6596"}],"wp:attachment":[{"href":"https:\/\/lo6.szczecin.pl\/index.php\/wp-json\/wp\/v2\/media?parent=6595"}],"wp:term":[{"taxonomy":"category","embeddable":true,"href":"https:\/\/lo6.szczecin.pl\/index.php\/wp-json\/wp\/v2\/categories?post=6595"},{"taxonomy":"post_tag","embeddable":true,"href":"https:\/\/lo6.szczecin.pl\/index.php\/wp-json\/wp\/v2\/tags?post=6595"}],"curies":[{"name":"wp","href":"https:\/\/api.w.org\/{rel}","templated":true}]}}